{"id":30913,"date":"2022-01-10T13:25:32","date_gmt":"2022-01-10T16:25:32","guid":{"rendered":"https:\/\/infovera.com.ar\/web\/?p=30913"},"modified":"2022-01-10T13:25:32","modified_gmt":"2022-01-10T16:25:32","slug":"festram-se-declaro-en-estado-de-alerta-y-movilizacion","status":"publish","type":"post","link":"https:\/\/infovera.com.ar\/web\/2022\/01\/10\/festram-se-declaro-en-estado-de-alerta-y-movilizacion\/","title":{"rendered":"Festram se declar\u00f3 en estado de alerta y movilizaci\u00f3n"},"content":{"rendered":"<p><strong>La Federaci\u00f3n de Sindicatos de Trabajadores Municipales de la Provincia de Santa Fe ha dispuesto el estado de alerta y movilizaci\u00f3n ante la cantidad de conflictos laborales que han surgido en toda la Provincia, la mayor\u00eda de ellos relacionados con el ataque a la estabilidad laboral ante el cambio de autoridades de Municipios y Comunas.<\/strong><\/p>\n<p>Los titulares de los ejecutivos locales en Municipios y Comunas como Helvecia, San Fabi\u00e1n, Hersilia, Calchaqu\u00ed han asumido o renovado sus cargos, con la visi\u00f3n de que &#8220;los trabajadores y las leyes que garantizan su estabilidad son un problema para el funcionamiento de sus gestiones, intentando instalar un modelo de precarizaci\u00f3n laboral, incluso contrarios a los principios de los partidos pol\u00edticos que los han llevado al poder, y adoptando medidas que no expresaron durante la campa\u00f1a. Existen administraciones que a la fecha no han pagado a sus trabajadores el aguinaldo, los que tambi\u00e9n han decidido medidas de fuerza como en el caso de San Javier&#8221;, acus\u00f3 el gremio.<\/p>\n<p>Mientras el Gobierno Nacional de Alberto Fern\u00e1ndez decidi\u00f3 prorrogar la emergencia ocupacional \u2013lo cual impide los despidos- ante el delicado contexto social, Intendentes y Presidentes Comunales toman a los trabajadores como &#8220;variables de ajuste de sus administraciones&#8221;, denunci\u00f3.<\/p>\n<p>Ya por el mes de diciembre y en forma previa a los actuales conflictos que se producen en toda la Provincia, Festram solicit\u00f3 una audiencia al Ministro de Trabajo de la Provincia Juan Manuel Pusineri, siendo uno de los temas a tratar las medidas para garantizar la estabilidad laboral en la transici\u00f3n de autoridades municipales y comunales.<\/p>\n<p>&#8220;Lamentablemente, a la fecha dicha audiencia no ha sido otorgada por la cartera laboral. La situaci\u00f3n lleva a Festram a declarar el estado de alerta y movilizaci\u00f3n, con cortes de rutas en toda la Provincia y se analiza resolver un paro provincial&#8221;, concluy\u00f3.<\/p>\n","protected":false},"excerpt":{"rendered":"<p>La Federaci\u00f3n de Sindicatos de Trabajadores Municipales de la Provincia de Santa Fe ha dispuesto el estado de alerta y movilizaci\u00f3n ante la cantidad de conflictos laborales que han surgido en toda la Provincia, la mayor\u00eda de ellos relacionados con el ataque a la estabilidad laboral ante el cambio de autoridades de Municipios y Comunas. [&hellip;]<\/p>\n","protected":false},"author":3,"featured_media":7824,"comment_status":"closed","ping_status":"closed","sticky":false,"template":"","format":"standard","meta":{"_joinchat":[],"footnotes":""},"categories":[66],"tags":[],"class_list":{"0":"post-30913","1":"post","2":"type-post","3":"status-publish","4":"format-standard","5":"has-post-thumbnail","7":"category-politica"},"_links":{"self":[{"href":"https:\/\/infovera.com.ar\/web\/wp-json\/wp\/v2\/posts\/30913","targetHints":{"allow":["GET"]}}],"collection":[{"href":"https:\/\/infovera.com.ar\/web\/wp-json\/wp\/v2\/posts"}],"about":[{"href":"https:\/\/infovera.com.ar\/web\/wp-json\/wp\/v2\/types\/post"}],"author":[{"embeddable":true,"href":"https:\/\/infovera.com.ar\/web\/wp-json\/wp\/v2\/users\/3"}],"replies":[{"embeddable":true,"href":"https:\/\/infovera.com.ar\/web\/wp-json\/wp\/v2\/comments?post=30913"}],"version-history":[{"count":0,"href":"https:\/\/infovera.com.ar\/web\/wp-json\/wp\/v2\/posts\/30913\/revisions"}],"wp:featuredmedia":[{"embeddable":true,"href":"https:\/\/infovera.com.ar\/web\/wp-json\/wp\/v2\/media\/7824"}],"wp:attachment":[{"href":"https:\/\/infovera.com.ar\/web\/wp-json\/wp\/v2\/media?parent=30913"}],"wp:term":[{"taxonomy":"category","embeddable":true,"href":"https:\/\/infovera.com.ar\/web\/wp-json\/wp\/v2\/categories?post=30913"},{"taxonomy":"post_tag","embeddable":true,"href":"https:\/\/infovera.com.ar\/web\/wp-json\/wp\/v2\/tags?post=30913"}],"curies":[{"name":"wp","href":"https:\/\/api.w.org\/{rel}","templated":true}]}}