{"id":30907,"date":"2022-01-10T11:27:01","date_gmt":"2022-01-10T14:27:01","guid":{"rendered":"https:\/\/infovera.com.ar\/web\/?p=30907"},"modified":"2022-01-10T11:27:01","modified_gmt":"2022-01-10T14:27:01","slug":"frana-las-obras-en-marcha-construyen-una-santa-fe-mas-justa-y-equilibrada","status":"publish","type":"post","link":"https:\/\/infovera.com.ar\/web\/2022\/01\/10\/frana-las-obras-en-marcha-construyen-una-santa-fe-mas-justa-y-equilibrada\/","title":{"rendered":"Frana: &#8220;las obras en marcha construyen una Santa Fe m\u00e1s justa y equilibrada&#8221;"},"content":{"rendered":"<p>As\u00ed lo asegur\u00f3 la ministra de Infraestructura, y destac\u00f3 la inversi\u00f3n superior a 70.000 millones de pesos en obras que se est\u00e1n construyendo a lo largo y ancho de la provincia.<\/p>\n<p>&nbsp;<\/p>\n<p>&nbsp;<\/p>\n<p>La ministra Silvina Frana y el gobernador Omar Perotti durante una recorrida de obra.<\/p>\n<p>&nbsp;<\/p>\n<p>La ministra de Infraestructura, Servicios P\u00fablicos y H\u00e1bitat, Silvina Frana, hizo un repaso de estos dos a\u00f1os de gesti\u00f3n y se\u00f1al\u00f3 que \u201cel logro m\u00e1s pleno es comprender las vivencias concretas del ciudadano de a pie, escuchando al otro: desde ah\u00ed construimos una realidad m\u00e1s justa y equilibrada, con obras que mejoran la calidad de vida de nuestra poblaci\u00f3n. Pero sabemos que debemos trabajar para fortalecer y hacer m\u00e1s efectivo el trabajo\u201d. Asimismo, destac\u00f3 la firme decisi\u00f3n del gobernador Omar Perotti, que permiti\u00f3 reactivar las obras paralizadas, y ejecutar y licitar obras nuevas en todo el territorio provincial.<\/p>\n<p>&nbsp;<\/p>\n<p>Con el objetivo de contextualizar la situaci\u00f3n econ\u00f3mica y financiera en la que se recibi\u00f3 el Ministerio de Infraestructura \u2013sumado a la crisis generada por la pandemia- la ministra Frana destac\u00f3 la pol\u00edtica de desendeudamiento y el desarrollo de obras p\u00fablicas.<\/p>\n<p>&nbsp;<\/p>\n<p>\u201cRecuerdo que en el mes de enero del 2020 llamamos a una conferencia de prensa para hacer una rendici\u00f3n de cuentas de la situaci\u00f3n de endeudamiento, surgida de los registros de la contabilidad p\u00fablica, y que luego fuera ratificada en el proceso de consolidaci\u00f3n con los propios contratistas\u201d, dijo la funcionaria y agreg\u00f3 que \u201cese proceso se pudo llevar adelante a partir del mes de marzo del a\u00f1o 2020, cuando se aprob\u00f3 la Ley de Necesidad P\u00fablica\u201d.<\/p>\n<p>&nbsp;<\/p>\n<p>Sobre el mismo punto, Frana resalt\u00f3 que \u201cprimero cumplimos con la obligaci\u00f3n del Estado, porque no importa quien toma la deuda, el que debe es el Estado. El gobernador decidi\u00f3 encarar el proceso y pagar lo que se deb\u00eda\u201d.<\/p>\n<p>&nbsp;<\/p>\n<p>Paralelamente, subray\u00f3 que la pandemia impuso atender primero la infraestructura en salud: &#8220;Ten\u00edamos una prioridad: la gente. Decidimos ser resilientes frente a un contexto de pandemia mundial de alcances a\u00fan no dimensionados, que provocaron una crisis en la econom\u00eda mundial. Frente a estas realidades, el gobernador Omar Perotti trasmiti\u00f3 dos consignas claras: cuidar la salud de todos los santafesinos y las santafesinas y dar respuestas de forma concreta a las necesidades de la gente. De esta forma, se prioriz\u00f3 la infraestructura sanitaria para que cada santafesino y santafesina estuvieran cuidados&#8221;.<\/p>\n<p>&nbsp;<\/p>\n<p>En esta l\u00ednea, la ministra destac\u00f3 la inversi\u00f3n ejecutada en infraestructura sanitaria: &#8220;M\u00e1s de $ 2.600 millones en obras para mejorar y ampliar m\u00e1s de 29 centros de salud y hospitales en toda la provincia, porque lo importante es nuestro compromiso con la gente&#8221;.<\/p>\n<p>&nbsp;<\/p>\n<p>De esta forma, se finalizaron las obras para Centro de Aislamiento en el predio de la ex Sociedad Rural de Rosario, el Samco de Villa Guillermina; la nueva Guardia del Hospital de Ni\u00f1os Zona Norte en Rosario, y el Hospital de Coronda; la rehabilitaci\u00f3n de los N\u00facleos Sanitarios en el ex Liceo Militar en Recreo; el Centro de Salud Barrio Juventud del Norte en Santa Fe; el nuevo M\u00f3dulo de Terapia Intensiva en Villa Constituci\u00f3n; el M\u00f3dulo de Emergencia en el Centro Regional de Salud \u201cDr. Agudo \u00c1vila\u201d. Adem\u00e1s se construy\u00f3 la Guardia Covid 19 y obras complementarias en el Hospital Provincial de Rosario; la construcci\u00f3n de m\u00f3dulos sanitarios en barrios vulnerables, y la construcci\u00f3n de celadores tipo en el Complejo Penitenciario de Pi\u00f1ero.<\/p>\n<p>&nbsp;<\/p>\n<p>Por otro parte, se recuperaron estructuras de salud que hab\u00edan sido descuidadas como el ex Hospital Iturraspe de la ciudad de Santa Fe y el viejo Hospital de Reconquista. Y est\u00e1n en marcha las obras de la segunda etapa para los hospitales de Rafaela, Villa Gobernador G\u00e1lvez, y el hospital de Firmat.<\/p>\n<p>&nbsp;<\/p>\n<p>Adem\u00e1s mencion\u00f3 que en el momento m\u00e1s cr\u00edtico de la pandemia, la provincia recibi\u00f3 uno de los doce hospitales modulares del pa\u00eds, construido en Granadero Baigorria, y con fondos provinciales se edific\u00f3 otro hospital modular en Villa Constituci\u00f3n.<\/p>\n<p>&nbsp;<\/p>\n<p>CONTRARRESTAR DESEQUILIBRIOS<\/p>\n<p>&nbsp;<\/p>\n<p>En el di\u00e1logo remarc\u00f3 que \u201clos desequilibrios nos marcaron un rumbo: la agenda de obras est\u00e1 en escuchar las necesidades de la gente. No podemos mirar hacia el costado, vivimos en una provincia muy asim\u00e9trica. No es lo mismo nacer en algunas localidades del norte postergado que en un \u00e1rea m\u00e1s rica. All\u00ed es donde hay que imponer la impronta de gobierno&#8221;.<\/p>\n<p>&nbsp;<\/p>\n<p>En este sentido uno de los objetivos de la gesti\u00f3n actual es el compromiso con el norte provincial, a fin de atender las particularidades econ\u00f3micas, productivas y sociales, dotando de la infraestructura necesaria y potenciar as\u00ed su perfil y quehacer productivo, promoviendo el arraigo de la poblaci\u00f3n, sin desatender las necesidades y obras del centro-sur provincial.<\/p>\n<p>&nbsp;<\/p>\n<p>En este punto, la ministra Frana destac\u00f3 la inversi\u00f3n superior a $ 9.000 millones que se est\u00e1 ejecutando, &#8220;desde enero del a\u00f1o 2020 hubo una clara definici\u00f3n del gobierno provincial y nacional de realizar una fuerte intervenci\u00f3n en la zona de los Bajos Submeridionales, saldando una deuda hist\u00f3rica\u201d.<\/p>\n<p>&nbsp;<\/p>\n<p>\u201cEsto forma parte de una concepci\u00f3n del desarrollo de la provincia, impulsado por el gobernador Omar Perotti, con una mirada integral hacia el equilibrio poblacional y territorial, y el fortalecimiento productivo. Es una decisi\u00f3n pol\u00edtica llevar adelante aquello que so\u00f1aron muchos antes que nosotros: las obras de saneamiento, infraestructuras y las rutas transversales\u201d, indic\u00f3 Frana.<\/p>\n<p>&nbsp;<\/p>\n<p>\u201cY lo hacemos con una mirada integral -prosigui\u00f3 Frana- junto a los ministerios de Ambiente y de la Producci\u00f3n, con programas espec\u00edficos. Y desde Vialidad Provincial estamos pavimentando m\u00e1s de 700 kil\u00f3metros de rutas y caminos. Esto genera un impacto positivo en el fortalecimiento de la producci\u00f3n y el arraigo, dando la posibilidad que los ciudadanos encuentren un lugar para vivir y desarrollarse\u201d, sostuvo la funcionaria.<\/p>\n<p>&nbsp;<\/p>\n<p>A su vez, destac\u00f3 la fuerte inversi\u00f3n de Vialidad Provincial, con obras por m\u00e1s de $ 40.000 millones en pavimentaci\u00f3n y repavimentaciones de rutas, caminos urbanos y rurales, y mencion\u00f3 obras como la ruta Provincial N\u00ba36 (Romang-Colonia Sager-Vera), las rutas provinciales N\u00ba2 (Huanqueros-Esteban Rams) y N\u00ba3 (Los T\u00e1banos &#8211; Ca\u00f1ada Omb\u00fa), as\u00ed como tambi\u00e9n los dos tramos de trabajo sobre la Ruta Provincial N\u00ba39 para culminar la pavimentaci\u00f3n del tramo R\u00edo Salado &#8211; RPN\u00ba2 (zona San Crist\u00f3bal), y la repavimentaci\u00f3n e iluminaci\u00f3n de la Autopista Rosario-Santa Fe.<\/p>\n<p>&nbsp;<\/p>\n<p>Paralelamente se dise\u00f1aron pol\u00edticas p\u00fablicas para atender la demanda en materia de educaci\u00f3n, recreaci\u00f3n, seguridad, saneamiento y recursos h\u00eddricos.<\/p>\n<p>&nbsp;<\/p>\n<p>Desde la integraci\u00f3n escuela-calidad educativa-ciudad, se proyectaron espacios adecuados y confortables que garanticen una educaci\u00f3n m\u00e1s inclusiva, sostenible y accesible. &#8220;Los nuevos proyectos y obras en infraestructura escolar, pioneros en el pa\u00eds, est\u00e1n siendo elaborados bajo estos criterios de sostenibilidad, pensando en los ciudadanos de hoy, pero tambi\u00e9n en las futuras generaciones&#8221;, se\u00f1al\u00f3 Frana.<\/p>\n<p>&nbsp;<\/p>\n<p>En relaci\u00f3n a esto, la ministra mencion\u00f3 las obras ya licitadas y en marcha como los 14 jardines pospandemia \u2013en diferentes localidades que se distribuyen a lo largo y ancho de la provincia-, y una escuela primaria pospandemia en Pueblo Esther y de nivel Inicial en Rold\u00e1n, cuyos edificios permitir\u00e1n disminuir los consumos de potencia de la energ\u00eda el\u00e9ctrica y reducir significativamente la emisi\u00f3n de gases de efecto invernadero. Y a\u00f1adi\u00f3: \u201cJunto al gobierno nacional, estamos llevando adelante 15 centros de desarrollo infantil, para el cuidado y fortalecimiento de las infancias&#8221;.<\/p>\n<p>&nbsp;<\/p>\n<p>\u201cEn materia de seguridad, estamos ejecutando la Unidad Penitenciaria N\u00ba12, las estaciones policiales Distrito Sudoeste y Sur de Rosario y obras de mejoras en la Unidad Penitenciaria de Pi\u00f1eiro, adem\u00e1s de las estaciones policiales en Santa Fe, Coronda, y Recreo, con inversiones que superan los 1.200 millones de pesos\u201d, destac\u00f3 Frana.<\/p>\n<p>&nbsp;<\/p>\n<p>SANTA FE PRODUCTIVA<\/p>\n<p>&nbsp;<\/p>\n<p>Asimismo, desde un enfoque productivo y de desarrollo local, se implementaron acciones espec\u00edficas para el mejoramiento de la infraestructura en los lugares m\u00e1s relegados, dotando de valor agregado que potencie el desarrollo de los sistemas productivos de la provincia.<\/p>\n<p>&nbsp;<\/p>\n<p>En materia h\u00eddrica, la ministra se\u00f1al\u00f3 que \u201cse est\u00e1n invirtiendo m\u00e1s de 11.000 millones de pesos en obras de mitigaci\u00f3n del riesgo y ordenamiento h\u00eddrico para el sector productivo y centros urbanos, como el Sistema de Defensa Oeste San Jos\u00e9 del Rinc\u00f3n &#8211; Arroyo Leyes; el conducto Roverano &#8211; Chaperouge en Santo Tom\u00e9; desag\u00fces pluviales en Coronda y Villa Gobernador G\u00e1lvez, y una obra muy esperada durante a\u00f1os, como la estabilizaci\u00f3n de la cascada del Arroyo Saladillo en Rosario\u201d.<\/p>\n<p>&nbsp;<\/p>\n<p>Adem\u00e1s coment\u00f3 que desde Aguas Santafesinas se est\u00e1 dotando de infraestructura a m\u00e1s de 80 localidades para que m\u00e1s de 500 mil habitantes cuenten con agua potable, y ampliando la red cloacal beneficiando a m\u00e1s de 100 mil habitantes. Y desde la EPE, se llevan adelante m\u00e1s de 170 obras como el tendido de nuevas l\u00edneas el\u00e9ctricas en zonas estrat\u00e9gicas, con inversiones por m\u00e1s de $ 5.900 millones.<\/p>\n<p>&nbsp;<\/p>\n<p>En esta sinton\u00eda inform\u00f3 que se avanza con obras claves como los acueductos Desv\u00edo Arij\u00f3n-Rafaela, Reconquista y el interprovincial Santa Fe &#8211; C\u00f3rdoba con inversiones que superan los $ 24.000 millones. Y desde ENERFE ya se licit\u00f3 el gasoducto Regional Sur, y pronto se har\u00e1 lo propio con el gasoducto Metropolitano.<\/p>\n<p>&nbsp;<\/p>\n<p>Por otra parte, resalt\u00f3 la recuperaci\u00f3n de los puertos productivos de la provincia, con m\u00e1s infraestructura, nuevas terminales, duplicando embarques para mejorar la competitividad de nuestras pymes al mundo. Estas acciones se desarrollan en el marco del debate de la Hidrov\u00eda, en la cual el gobierno provincial busca potenciar esta v\u00eda navegable como alternativa sustentable, federal y estrat\u00e9gica para el comercio, la producci\u00f3n agroindustrial y la conectividad de nuestra regi\u00f3n. Esto se realiza a trav\u00e9s de distintas acciones como el fortalecimiento de los puertos p\u00fablicos provinciales, tanto las terminales de la regi\u00f3n sur, como la revalorizaci\u00f3n y desarrollo de los puertos productivos del centro-norte.<\/p>\n<p>&nbsp;<\/p>\n<p>\u201cLa reactivaci\u00f3n productiva del Puerto de Santa Fe es un ejemplo de esto, que ya lleva m\u00e1s de 100 mil toneladas transportadas por buques de carga y la recuperaci\u00f3n de la Terminal de Contenedores, luego de muchos a\u00f1os de escasa o nula actividad. Y esta mejora log\u00edstica, producto de mucho trabajo, provoca que hoy el Puerto de Santa Fe sea visto de otra manera: un puerto productivo que le brinda oportunidad a nuestras pymes para que empiecen a llegar a los distintos lugares del mundo&#8221;, mencion\u00f3 Frana.<\/p>\n<p>&nbsp;<\/p>\n<p>HABITAR DIGNAMENTE<\/p>\n<p>&nbsp;<\/p>\n<p>En materia habitacional, la ministra Silvina Frana, destac\u00f3 el trabajo conjunto con el gobierno nacional para dar respuesta a la alta demanda habitacional, &#8220;desde el gobierno provincial y junto al gobierno nacional, se trabaja fuertemente sobre esta realidad que merece ser transformada, abordada desde un enfoque multidisciplinar que contemple el derecho fundamental a la vivienda, entornos seguros, saludables y equitativos&#8221;.<\/p>\n<p>&nbsp;<\/p>\n<p>De esta manera, desde la cartera productiva a su cargo, se est\u00e1n construyendo 4.600 soluciones habitacionales en todo el territorio provincial, y m\u00f3dulos sanitarios en barrios vulnerables. Paralelamente, se entregaron m\u00e1s de 1.000 viviendas con infraestructura b\u00e1sica en diferentes localidades de la provincia. A su vez se est\u00e1n ejecutando, en el marco de un convenio firmado con la organizaci\u00f3n de Los Sin Techo, m\u00e1s de 500 viviendas premoldeadas en distintos barrios de la ciudad de Santa Fe, y a trav\u00e9s de aportes no reintegrables se hace lo propio en Rosario, Villa Constituci\u00f3n, Centeno, Helvecia, Florencia y Villa Guillermina. Adem\u00e1s, se preadjudicaron m\u00e1s de 16.000 cr\u00e9ditos para la construcci\u00f3n de la l\u00ednea Casa Propia \/ Procrear que se cogestiona con el gobierno nacional.<\/p>\n<p>&nbsp;<\/p>\n<p>\u201cEn distintos barrios de Rosario y del departamento, se est\u00e1n ejecutando m\u00e1s de 500 viviendas. Esto responde por un lado, a la alta demanda habitacional actual, y por el otro, nuestra preocupaci\u00f3n por este tema y la vocaci\u00f3n de dar respuestas concretas proyectando esto como una pol\u00edtica de Estado, tal como nos indicara el gobernador, buscando materializar los sue\u00f1os de muchas familias de contar con un techo digno&#8221;, subray\u00f3 Frana.<\/p>\n<p>&nbsp;<\/p>\n<p>&#8220;De esto hablamos cuando decimos \u2018escuchar y comprender al otro\u2019, debemos redoblar nuestros esfuerzos por los derechos humanos, por el acceso a los servicios b\u00e1sicos, a la vivienda. No podemos continuar con divisiones partidarias, geogr\u00e1ficas, econ\u00f3micas, que derivan en desequilibrios territoriales y en localidades relegadas. Y aqu\u00ed el Estado se hace presente con las obras necesarias, que reactivan la econom\u00eda, promueven el empleo y transforman en el d\u00eda a d\u00eda la calidad de vida a muchos habitantes&#8221;, concluy\u00f3 Frana.<\/p>\n","protected":false},"excerpt":{"rendered":"<p>As\u00ed lo asegur\u00f3 la ministra de Infraestructura, y destac\u00f3 la inversi\u00f3n superior a 70.000 millones de pesos en obras que se est\u00e1n construyendo a lo largo y ancho de la provincia. &nbsp; &nbsp; La ministra Silvina Frana y el gobernador Omar Perotti durante una recorrida de obra. &nbsp; La ministra de Infraestructura, Servicios P\u00fablicos y [&hellip;]<\/p>\n","protected":false},"author":3,"featured_media":30908,"comment_status":"closed","ping_status":"closed","sticky":false,"template":"","format":"standard","meta":{"_joinchat":[],"footnotes":""},"categories":[60],"tags":[],"class_list":{"0":"post-30907","1":"post","2":"type-post","3":"status-publish","4":"format-standard","5":"has-post-thumbnail","7":"category-provinciales"},"_links":{"self":[{"href":"https:\/\/infovera.com.ar\/web\/wp-json\/wp\/v2\/posts\/30907","targetHints":{"allow":["GET"]}}],"collection":[{"href":"https:\/\/infovera.com.ar\/web\/wp-json\/wp\/v2\/posts"}],"about":[{"href":"https:\/\/infovera.com.ar\/web\/wp-json\/wp\/v2\/types\/post"}],"author":[{"embeddable":true,"href":"https:\/\/infovera.com.ar\/web\/wp-json\/wp\/v2\/users\/3"}],"replies":[{"embeddable":true,"href":"https:\/\/infovera.com.ar\/web\/wp-json\/wp\/v2\/comments?post=30907"}],"version-history":[{"count":0,"href":"https:\/\/infovera.com.ar\/web\/wp-json\/wp\/v2\/posts\/30907\/revisions"}],"wp:featuredmedia":[{"embeddable":true,"href":"https:\/\/infovera.com.ar\/web\/wp-json\/wp\/v2\/media\/30908"}],"wp:attachment":[{"href":"https:\/\/infovera.com.ar\/web\/wp-json\/wp\/v2\/media?parent=30907"}],"wp:term":[{"taxonomy":"category","embeddable":true,"href":"https:\/\/infovera.com.ar\/web\/wp-json\/wp\/v2\/categories?post=30907"},{"taxonomy":"post_tag","embeddable":true,"href":"https:\/\/infovera.com.ar\/web\/wp-json\/wp\/v2\/tags?post=30907"}],"curies":[{"name":"wp","href":"https:\/\/api.w.org\/{rel}","templated":true}]}}