{"id":30872,"date":"2022-01-07T18:57:05","date_gmt":"2022-01-07T21:57:05","guid":{"rendered":"https:\/\/infovera.com.ar\/web\/?p=30872"},"modified":"2022-01-07T18:57:05","modified_gmt":"2022-01-07T21:57:05","slug":"la-provincia-habilito-la-vacunacion-libre-para-menores-de-18-anos","status":"publish","type":"post","link":"https:\/\/infovera.com.ar\/web\/2022\/01\/07\/la-provincia-habilito-la-vacunacion-libre-para-menores-de-18-anos\/","title":{"rendered":"La provincia habilit\u00f3 la vacunaci\u00f3n libre para menores de 18 a\u00f1os"},"content":{"rendered":"<p>El Ministerio de Salud provincial inform\u00f3 que a partir del pr\u00f3ximo lunes 10 de enero, todos los menores de 18 a\u00f1os podr\u00e1s recibir la primera vacuna contra el Coronavirus sin solicitar turno previo. Cabe recordar que ni\u00f1os y ni\u00f1as de 3 a 11 a\u00f1os recibir\u00e1n la dosis correspondiente de Sinopharm; mientras que la franja etaria que va de los 12 a 17, recibir\u00e1n Pfizer.<\/p>\n<p>Al respecto, la ministra de Salud, Sonia Martorano, indic\u00f3 que \u201cla provincia cuenta con un 81% de la poblaci\u00f3n con esquema completo. La franja de 12 a 17 a\u00f1os tiene un 78% con dos dosis, mientras que de 3 a 11 solo el 60% tiene su esquema completo. Pero hay un 20% que se ha vacunado con la primera dosis y no est\u00e1 concurriendo a colocarse la segunda, por eso insistimos a mam\u00e1s y pap\u00e1s que lleven a sus ni\u00f1os al vacunatorio\u201d.<\/p>\n<p>\u201cEs por ello que a partir del lunes pr\u00f3ximo tendremos vacunaci\u00f3n libre para menores de 18 a\u00f1os\u201d, afirm\u00f3 Martorano y prosigui\u00f3: \u201cEs una recomendaci\u00f3n del Ministerio de Salud de la Naci\u00f3n y la Sociedad Argentina de Pediatr\u00eda. Hemos colocado m\u00e1s de 670 mil dosis en ni\u00f1os y ni\u00f1as de 3 a 11 sin reportes de efectos adversos graves\u201d.<\/p>\n<p><strong>INTERNACIONES Y VACUNACI\u00d3N<\/strong><\/p>\n<p>En cuanto a las internaciones, la titular de la cartera sanitaria se\u00f1al\u00f3 que \u201chay un aumento de internaciones en adultos pero tambi\u00e9n vemos algunas en ni\u00f1os y ni\u00f1as. Entonces viendo adem\u00e1s lo que ocurre en otros pa\u00edses, no podemos pensar que estamos exentos de esto\u201d.<\/p>\n<p>\u201cAdem\u00e1s otra opci\u00f3n que se abri\u00f3 a nivel nacional es que si a alg\u00fan santafesino le llega su turno para vacunarse y se encuentra de vacaciones, esa persona podr\u00e1 hacerlo en la ciudad en la que se encuentre. Lo mismo ocurre si tenemos alg\u00fan turista de paseo por Santa Fe y se tiene que vacunar\u201d, cerr\u00f3 Martorano.<\/p>\n<p>Por su parte, la subsecretaria de equidad, Romina Carrizo, expres\u00f3: \u201cQueremos remarcar que con esta vacunaci\u00f3n que se libera, que no es programada por turnos, tiene el objetivo de llegar a una mayor cobertura para poder enfrentar esta tercera ola\u201d.<\/p>\n<p>\u201cEsta estrategia la vamos a poder prolongar de acuerdo a los grupos etarios que vayamos viendo se requiera mayor cobertura. Esto es algo que se estableci\u00f3 y nos funcion\u00f3 con las primeras dosis cuando liberamos ya que tuvimos un buen caudal de gente que concurri\u00f3 a los vacunatorios por eso es la estrategia que ahora estamos aplicando a los otros grupos etarios\u201d, continu\u00f3.<\/p>\n<p><strong>AUMENTO EXPONENCIAL DE CASOS<\/strong><\/p>\n<p>En cuanto al aumento de casos positivos de Coronavirus a nivel local y nacional, la ministra de Salud explic\u00f3 que \u201cdesde que comenz\u00f3 la pandemia, este es el momento de mayor contagiosidad y aqu\u00ed lo importante y lo complejo es que est\u00e1n conviviendo variante Delta (toma las v\u00edas respiratorias inferiores, el pulm\u00f3n, es m\u00e1s agresiva) y tenemos internados graves en terapia, con \u00d3micron (que es de v\u00edas respiratorias altas y en principio, un poco m\u00e1s leve)\u201d.<\/p>\n<p>\u201cVer los n\u00fameros de ayer a nivel nacional que fueron m\u00e1s de 109 mil tiene que ser un signo de alarma para todos y todas. En cuanto a nuestra provincia, llegamos casi a los 10 mil casos en un d\u00eda, y eso nos habla de que el n\u00famero de testeos ha sido alt\u00edsimo\u201d, agreg\u00f3.<\/p>\n<p>Asimismo, Martorano inform\u00f3 que \u201cest\u00e1 creciendo el n\u00famero de internaciones, hoy ya es del 8%, r\u00e1pidamente est\u00e1 subiendo ese porcentaje, y en un momento tan complejo donde tambi\u00e9n hay mucho aislamiento de personal de salud el cual pone en crisis y en tensi\u00f3n a todo el sistema. Los casos m\u00e1s graves corresponden a no vacunados y mayores de 60 o con comorbilidades\u201d.<\/p>\n<p>\u201cEn este momento lo primero que tenemos que hacer es maximizar cuidados, uso correcto del barbijo, distanciamiento social, lavado de manos y evitar eventos masivos. Necesitamos de esto para sostener todas las actividades econ\u00f3micas\u201d, destac\u00f3 la ministra de Salud.<\/p>\n<p><strong>TESTEOS<\/strong><\/p>\n<p>Desde la web provincial,\u00a0<a href=\"http:\/\/www.santafe.gob.ar\/\">www.santafe.gob.ar<\/a>\u00a0se busca el bot\u00f3n verde de turnos para hisopados Covid y all\u00ed se puede ingresar para solicitar los turnos tanto para la ciudad de Santa Fe como para Rosario.<\/p>\n<p>\u201cTanto desde lo p\u00fablico como desde lo privado est\u00e1n aumentando su capacidad de testeo ante la alta demanda de la sociedad\u201d, agreg\u00f3 Martorano.<\/p>\n<p><strong>\u00bfQui\u00e9nes deben hisoparse?<\/strong><\/p>\n<p>El asintom\u00e1tico no debe hisoparse, es decir que un contacto estrecho de alguien positivo y no tenga s\u00edntomas debe aislarse por 5 d\u00edas, si tiene el esquema de vacunaci\u00f3n completo y luego ya puede salir pero extremando los cuidados por 5 d\u00edas m\u00e1s. Ahora bien, si no est\u00e1 vacunado o tiene solo una dosis, debe aislarse por 10 d\u00edas.<\/p>\n<p><strong>\u00bfQu\u00e9 pasa si tengo s\u00edntomas?<\/strong><\/p>\n<p>El contacto estrecho con s\u00edntomas de un paciente que es positivo, no debe realizarse el test, ya que se lo considera positivo por nexo epidemiol\u00f3gico. Esta persona, si tiene el esquema de vacunaci\u00f3n completo permanecer\u00e1 aislada por 7 d\u00edas m\u00e1s 3 d\u00edas con cuidados, en el caso de que no este bien vacunado corresponden a 10 d\u00edas. Podr\u00e1 informar su condici\u00f3n de positivo en la obra social o prepaga, con su m\u00e9dico de cabecera o a trav\u00e9s del 0800 555 6549.<\/p>\n<p>En caso de aquellas personas con s\u00edntomas, mayores de 60 a\u00f1os o con factores de riesgo, debe realizar una consulta y ah\u00ed si realizarse el hisopado para poder efectuar el seguimiento necesario e esa persona.<\/p>\n","protected":false},"excerpt":{"rendered":"<p>El Ministerio de Salud provincial inform\u00f3 que a partir del pr\u00f3ximo lunes 10 de enero, todos los menores de 18 a\u00f1os podr\u00e1s recibir la primera vacuna contra el Coronavirus sin solicitar turno previo. Cabe recordar que ni\u00f1os y ni\u00f1as de 3 a 11 a\u00f1os recibir\u00e1n la dosis correspondiente de Sinopharm; mientras que la franja etaria [&hellip;]<\/p>\n","protected":false},"author":3,"featured_media":30873,"comment_status":"closed","ping_status":"closed","sticky":false,"template":"","format":"standard","meta":{"_joinchat":[],"footnotes":""},"categories":[60],"tags":[],"class_list":{"0":"post-30872","1":"post","2":"type-post","3":"status-publish","4":"format-standard","5":"has-post-thumbnail","7":"category-provinciales"},"_links":{"self":[{"href":"https:\/\/infovera.com.ar\/web\/wp-json\/wp\/v2\/posts\/30872","targetHints":{"allow":["GET"]}}],"collection":[{"href":"https:\/\/infovera.com.ar\/web\/wp-json\/wp\/v2\/posts"}],"about":[{"href":"https:\/\/infovera.com.ar\/web\/wp-json\/wp\/v2\/types\/post"}],"author":[{"embeddable":true,"href":"https:\/\/infovera.com.ar\/web\/wp-json\/wp\/v2\/users\/3"}],"replies":[{"embeddable":true,"href":"https:\/\/infovera.com.ar\/web\/wp-json\/wp\/v2\/comments?post=30872"}],"version-history":[{"count":0,"href":"https:\/\/infovera.com.ar\/web\/wp-json\/wp\/v2\/posts\/30872\/revisions"}],"wp:featuredmedia":[{"embeddable":true,"href":"https:\/\/infovera.com.ar\/web\/wp-json\/wp\/v2\/media\/30873"}],"wp:attachment":[{"href":"https:\/\/infovera.com.ar\/web\/wp-json\/wp\/v2\/media?parent=30872"}],"wp:term":[{"taxonomy":"category","embeddable":true,"href":"https:\/\/infovera.com.ar\/web\/wp-json\/wp\/v2\/categories?post=30872"},{"taxonomy":"post_tag","embeddable":true,"href":"https:\/\/infovera.com.ar\/web\/wp-json\/wp\/v2\/tags?post=30872"}],"curies":[{"name":"wp","href":"https:\/\/api.w.org\/{rel}","templated":true}]}}