{"id":30869,"date":"2022-01-07T18:07:31","date_gmt":"2022-01-07T21:07:31","guid":{"rendered":"https:\/\/infovera.com.ar\/web\/?p=30869"},"modified":"2022-01-07T18:07:31","modified_gmt":"2022-01-07T21:07:31","slug":"perotti-el-altisimo-nivel-de-vacunacion-nos-esta-permitiendo-mantener-el-nivel-de-actividad-productiva-y-cuidar-el-trabajo","status":"publish","type":"post","link":"https:\/\/infovera.com.ar\/web\/2022\/01\/07\/perotti-el-altisimo-nivel-de-vacunacion-nos-esta-permitiendo-mantener-el-nivel-de-actividad-productiva-y-cuidar-el-trabajo\/","title":{"rendered":"Perotti: \u201cEl alt\u00edsimo nivel de vacunaci\u00f3n nos est\u00e1 permitiendo mantener el nivel de actividad productiva y cuidar el trabajo\u201d"},"content":{"rendered":"<div id=\"content-post\">\n<div class=\"entry\">\n<p>El gobernador Omar Perotti destac\u00f3 este viernes el \u201calt\u00edsimo nivel de vacunaci\u00f3n\u201d de la provincia de Santa Fe, que \u201cnos est\u00e1 permitiendo, con este n\u00famero de casos, no tener las camas ocupadas que tuvimos en la segunda ola, y as\u00ed mantener el nivel de actividad productiva y cuidar el trabajo de los santafesinos y santafesinas\u201d.<\/p>\n<p>&nbsp;<\/p>\n<p>Durante la recorrida de la obra del desag\u00fce pluvial Entubado Tucum\u00e1n de la ciudad de Rafaela, el gobernador indic\u00f3 que \u201ctenemos un avance importante de casos. Frente a esta situaci\u00f3n, con anticipaci\u00f3n, planteamos el resguardo a tomar en los encuentros masivos. Hoy no hay restricciones, salvo en eventos que superen las 1.000 personas, y desde 500 en adelante con alg\u00fan resguardo adicional\u201d.<\/p>\n<p>&nbsp;<\/p>\n<p>Asimismo, Perotti resalt\u00f3 la necesidad de \u201cseguir muy fuerte con los testeos\u201d, y para ello \u201cestamos ampliando todo lo posible, estamos desplegando la mayor capacidad posible de atenci\u00f3n, de provisi\u00f3n y de testeos\u201d; y reiter\u00f3 que \u201ctenemos un alto nivel de positividad\u201d, por lo que, \u201csi la persona con quien vivo dio positivo, no voy a testearme, me a\u00edslo directamente. Esto es un beneficio para uno, que no va a hacer una cola, y ayuda a frenar el nivel de contagio\u201d.<\/p>\n<p>&nbsp;<\/p>\n<p>A continuaci\u00f3n, el gobernador se\u00f1al\u00f3 la importancia de \u201cseguir con este ritmo de vacunaci\u00f3n. Que nadie se quede sin vacunar, porque el virus tiene que encontrarse con la mayor cantidad de puertas cerradas para que no se propague; y la gente que no se ha vacunado es la que le deja la puerta abierta a que siga circulando y contagiando\u201d.<\/p>\n<p>&nbsp;<\/p>\n<p>Por \u00faltimo, Perotti indic\u00f3 que \u201cel nivel de contagio y de aislamiento empieza a generar una disminuci\u00f3n laboral; y trabajar con equipos reducidos es lo que lleva a una disminuci\u00f3n de la actividad; por este motivo es importante la responsabilidad. Ha habido reuniones esta semana con gremios y empresarios, para garantizar el cumplimiento de los protocolos, que son los que te garantizan la actividad\u201d.<\/p>\n<p>&nbsp;<\/p>\n<p>\u201cHoy la instancia de restricci\u00f3n no es una medida del gobierno, el que restringe su actividad profesional, laboral o de recreaci\u00f3n es el que no se cuida. Es all\u00ed donde el resguardo que cada uno tiene que tomar es clave\u201d, concluy\u00f3 el mandatario santafesino.<\/p>\n<p>&nbsp;<\/p>\n<p><strong>PRESUPUESTO<\/strong><br \/>\nSeguidamente, consultado respecto a la falta de aprobaci\u00f3n del Presupuesto nacional y el no tratamiento del provincial, Perotti indic\u00f3 que \u201cno es un dato menor, parecer\u00eda que algunos quieren minimizar este hecho, como diciendo \u2018bueno, se pueden arreglar\u2019. Cuando no ten\u00e9s las obras identificadas en el presupuesto, ten\u00e9s que tratar de ver si ten\u00e9s recursos para poder hacerlas, y all\u00ed es donde seguramente podemos tener dificultades\u201d.<\/p>\n<p>&nbsp;<\/p>\n<p>\u201cEntonces esto no es un tema menor, la verdad que tanto a nivel nacional como provincial no tener Presupuesto es una muy mala se\u00f1al. En momentos dif\u00edciles, en los que hay que facilitar las cosas a la gente, generar un clima que distienda tensiones, que genere expectativas positivas, no es precisamente la mejor se\u00f1al de la pol\u00edtica dejar sin Presupuesto a los poderes Ejecutivos\u201d, concluy\u00f3 el gobernador.<\/p>\n<p>&nbsp;<\/p>\n<\/div>\n<\/div>\n","protected":false},"excerpt":{"rendered":"<p>El gobernador Omar Perotti destac\u00f3 este viernes el \u201calt\u00edsimo nivel de vacunaci\u00f3n\u201d de la provincia de Santa Fe, que \u201cnos est\u00e1 permitiendo, con este n\u00famero de casos, no tener las camas ocupadas que tuvimos en la segunda ola, y as\u00ed mantener el nivel de actividad productiva y cuidar el trabajo de los santafesinos y santafesinas\u201d. [&hellip;]<\/p>\n","protected":false},"author":3,"featured_media":30870,"comment_status":"closed","ping_status":"closed","sticky":false,"template":"","format":"standard","meta":{"_joinchat":[],"footnotes":""},"categories":[60],"tags":[],"class_list":{"0":"post-30869","1":"post","2":"type-post","3":"status-publish","4":"format-standard","5":"has-post-thumbnail","7":"category-provinciales"},"_links":{"self":[{"href":"https:\/\/infovera.com.ar\/web\/wp-json\/wp\/v2\/posts\/30869","targetHints":{"allow":["GET"]}}],"collection":[{"href":"https:\/\/infovera.com.ar\/web\/wp-json\/wp\/v2\/posts"}],"about":[{"href":"https:\/\/infovera.com.ar\/web\/wp-json\/wp\/v2\/types\/post"}],"author":[{"embeddable":true,"href":"https:\/\/infovera.com.ar\/web\/wp-json\/wp\/v2\/users\/3"}],"replies":[{"embeddable":true,"href":"https:\/\/infovera.com.ar\/web\/wp-json\/wp\/v2\/comments?post=30869"}],"version-history":[{"count":0,"href":"https:\/\/infovera.com.ar\/web\/wp-json\/wp\/v2\/posts\/30869\/revisions"}],"wp:featuredmedia":[{"embeddable":true,"href":"https:\/\/infovera.com.ar\/web\/wp-json\/wp\/v2\/media\/30870"}],"wp:attachment":[{"href":"https:\/\/infovera.com.ar\/web\/wp-json\/wp\/v2\/media?parent=30869"}],"wp:term":[{"taxonomy":"category","embeddable":true,"href":"https:\/\/infovera.com.ar\/web\/wp-json\/wp\/v2\/categories?post=30869"},{"taxonomy":"post_tag","embeddable":true,"href":"https:\/\/infovera.com.ar\/web\/wp-json\/wp\/v2\/tags?post=30869"}],"curies":[{"name":"wp","href":"https:\/\/api.w.org\/{rel}","templated":true}]}}