{"id":30852,"date":"2022-01-07T15:05:23","date_gmt":"2022-01-07T18:05:23","guid":{"rendered":"https:\/\/infovera.com.ar\/web\/?p=30852"},"modified":"2022-01-08T20:25:26","modified_gmt":"2022-01-08T23:25:26","slug":"se-sospecha-que-esto-pasa-pero-que-te-lo-haga-el-ministro-de-seguridad","status":"publish","type":"post","link":"https:\/\/infovera.com.ar\/web\/2022\/01\/07\/se-sospecha-que-esto-pasa-pero-que-te-lo-haga-el-ministro-de-seguridad\/","title":{"rendered":"\u201cSe sospecha que esto pasa, pero que te lo haga el Ministro de Seguridad\u2026\u201d"},"content":{"rendered":"<p><strong>El fiscal Aldo Gerosa aparece en la n\u00f3mina de personas supuestamente espiadas desde la esfera estatal. El funcionario adelant\u00f3 que se presentar\u00eda como querellante. Y carg\u00f3 con dureza contra el ex ministro Sain.<\/strong><\/p>\n<p>Los ecos del esc\u00e1ndalo por las supuestas maniobras de inteligencia ilegales que se habr\u00edan perpetrado desde el mism\u00edsimo Ministerio de Seguridad de la provincia reverberan en lo m\u00e1s diversos \u00e1mbitos institucionales, empresariales, pol\u00edticos y judiciales de la provincia.<\/p>\n<p>Puntualmente, del norte de la provincia de Santa Fe aparecen en la n\u00f3mina que tom\u00f3 estado p\u00fablico dos funcionarios del Ministerio P\u00fablico de la Acusaci\u00f3n: el fiscal Aldo Gerosa, de la Unidad Fiscal Reconquista, y el secretario institucional de la Fiscal\u00eda Regional Reconquista, Dr. Roberto Salum.<\/p>\n<p>\u201cOrgulloso de estar en el top 100 de la provincia, evidentemente compartir la lista con algunas de las personas que est\u00e1n ah\u00ed es un honor\u201d, ironiz\u00f3, de entrada, el titular de la Unidad Fiscal Especial de Violencia de G\u00e9nero Sexual y Familiar.<\/p>\n<p>El Dr. Gerosa, fiel a su estilo directo y frontal, mostr\u00f3 su perplejidad al sopesar que \u201cse sospecha que esto pasa, pero que te lo haga el Ministro de Seguridad\u2026, es el colmo del descaro\u201d.<\/p>\n<p>\u201cEs un procedimiento propio de An\u00edbal Fern\u00e1ndez, de Jaime Stiusso y de todos los que los han puesto en el gobierno. As\u00ed que lo cierto es que siempre dije que la clase dirigencial es bastante anormal y que estamos sometidos a esta clase de personajes, que lo que buscan es conseguir informaci\u00f3n de cualquier lado para \u2018apretar\u2019 gente\u201d, fue al hueso Gerosa.<\/p>\n<div class=\"wp-playlist wp-audio-playlist wp-playlist-light\">\n\t\t\t<div class=\"wp-playlist-current-item\"><\/div>\n\t\t<audio controls=\"controls\" preload=\"none\" width=\"674\"\n\t\t\t><\/audio>\n\t<div class=\"wp-playlist-next\"><\/div>\n\t<div class=\"wp-playlist-prev\"><\/div>\n\t<noscript>\n\t<ol>\n\t\t<li><a href='https:\/\/infovera.com.ar\/web\/wp-content\/uploads\/2022\/01\/07-VIERNES-FISCAL-GEROSA-ESCUCHAS-DE-SAIN.mp3'>07 - VIERNES - FISCAL GEROSA - ESCUCHAS DE SAIN<\/a><\/li>\t<\/ol>\n\t<\/noscript>\n\t<script type=\"application\/json\" class=\"wp-playlist-script\">{\"type\":\"audio\",\"tracklist\":true,\"tracknumbers\":true,\"images\":true,\"artists\":true,\"tracks\":[{\"src\":\"https:\/\/infovera.com.ar\/web\/wp-content\/uploads\/2022\/01\/07-VIERNES-FISCAL-GEROSA-ESCUCHAS-DE-SAIN.mp3\",\"type\":\"audio\/mpeg\",\"title\":\"07 - VIERNES - FISCAL GEROSA - ESCUCHAS DE SAIN\",\"caption\":\"\",\"description\":\"\\\"07 - VIERNES - FISCAL GEROSA - ESCUCHAS DE SAIN\\\". Lanzamiento: 2022. G\\u00e9nero: Blues.\",\"meta\":{\"genre\":\"Blues\",\"year\":\"2022\",\"length_formatted\":\"7:35\"},\"image\":{\"src\":\"https:\/\/infovera.com.ar\/web\/wp-includes\/images\/media\/audio.svg\",\"width\":48,\"height\":64},\"thumb\":{\"src\":\"https:\/\/infovera.com.ar\/web\/wp-includes\/images\/media\/audio.svg\",\"width\":48,\"height\":64}}]}<\/script>\n<\/div>\n\t\n<p>Y en ese orden, coligi\u00f3 que \u201cpor supuesto, van a investigar al que necesiten apretar; al que se vende solo no lo van a investigar seguramente porque no necesitan hacerle alg\u00fan \u2018carpetazo\u2019, como se dice<\/p>\n<p>El funcionario dijo que espera ser convocado por los fiscales que investigan el caso para conocer qu\u00e9 informaci\u00f3n manejan y revel\u00f3 estar evaluando en constituirse en querellante en esa causa y \u201cexigir el pago de las reparaciones por violaci\u00f3n de la intimidad. \u00bfQu\u00e9 carajos les importa con quien ando yo, quienes son mis hijos, quienes son mis amistades!\u201d.<\/p>\n<p>Luego, se\u00f1al\u00f3 que eso es algo por lo que ha luchado la humanidad desde hace miles de a\u00f1os y se pensaba que se hab\u00eda conseguido erradicar, pero por lo visto \u201clos grupos de poder no han perdido las ma\u00f1as. Y s\u00ed, nosotros hemos dejado de exigir eso, me impacta la falta de reacci\u00f3n social porque un d\u00eda nos van a hacer bolsa a todos y va a ser tarde\u201d. \u201cEstoy muy ofendido, esa es la palabra\u201d, afirm\u00f3, en tanto abog\u00f3 por \u201cdejar trabajar a los fiscales\u201d.<\/p>\n<p><img loading=\"lazy\" decoding=\"async\" class=\" wp-image-30589 aligncenter\" src=\"https:\/\/infovera.com.ar\/web\/wp-content\/uploads\/2021\/12\/ACOSTaa-1-300x54.jpg\" alt=\"\" width=\"733\" height=\"132\" srcset=\"https:\/\/infovera.com.ar\/web\/wp-content\/uploads\/2021\/12\/ACOSTaa-1-300x54.jpg 300w, https:\/\/infovera.com.ar\/web\/wp-content\/uploads\/2021\/12\/ACOSTaa-1.jpg 670w\" sizes=\"auto, (max-width: 733px) 100vw, 733px\" \/><\/p>\n","protected":false},"excerpt":{"rendered":"<p>El fiscal Aldo Gerosa aparece en la n\u00f3mina de personas supuestamente espiadas desde la esfera estatal. El funcionario adelant\u00f3 que se presentar\u00eda como querellante. Y carg\u00f3 con dureza contra el ex ministro Sain. Los ecos del esc\u00e1ndalo por las supuestas maniobras de inteligencia ilegales que se habr\u00edan perpetrado desde el mism\u00edsimo Ministerio de Seguridad de [&hellip;]<\/p>\n","protected":false},"author":3,"featured_media":30853,"comment_status":"closed","ping_status":"closed","sticky":false,"template":"","format":"standard","meta":{"_joinchat":[],"footnotes":""},"categories":[55],"tags":[],"class_list":{"0":"post-30852","1":"post","2":"type-post","3":"status-publish","4":"format-standard","5":"has-post-thumbnail","7":"category-reconquista"},"_links":{"self":[{"href":"https:\/\/infovera.com.ar\/web\/wp-json\/wp\/v2\/posts\/30852","targetHints":{"allow":["GET"]}}],"collection":[{"href":"https:\/\/infovera.com.ar\/web\/wp-json\/wp\/v2\/posts"}],"about":[{"href":"https:\/\/infovera.com.ar\/web\/wp-json\/wp\/v2\/types\/post"}],"author":[{"embeddable":true,"href":"https:\/\/infovera.com.ar\/web\/wp-json\/wp\/v2\/users\/3"}],"replies":[{"embeddable":true,"href":"https:\/\/infovera.com.ar\/web\/wp-json\/wp\/v2\/comments?post=30852"}],"version-history":[{"count":0,"href":"https:\/\/infovera.com.ar\/web\/wp-json\/wp\/v2\/posts\/30852\/revisions"}],"wp:featuredmedia":[{"embeddable":true,"href":"https:\/\/infovera.com.ar\/web\/wp-json\/wp\/v2\/media\/30853"}],"wp:attachment":[{"href":"https:\/\/infovera.com.ar\/web\/wp-json\/wp\/v2\/media?parent=30852"}],"wp:term":[{"taxonomy":"category","embeddable":true,"href":"https:\/\/infovera.com.ar\/web\/wp-json\/wp\/v2\/categories?post=30852"},{"taxonomy":"post_tag","embeddable":true,"href":"https:\/\/infovera.com.ar\/web\/wp-json\/wp\/v2\/tags?post=30852"}],"curies":[{"name":"wp","href":"https:\/\/api.w.org\/{rel}","templated":true}]}}