{"id":30812,"date":"2022-01-06T13:14:50","date_gmt":"2022-01-06T16:14:50","guid":{"rendered":"https:\/\/infovera.com.ar\/web\/?p=30812"},"modified":"2022-01-06T13:14:50","modified_gmt":"2022-01-06T16:14:50","slug":"dos-incendios-de-pastizales-fueron-combatidos-por-bomberos-de-vera","status":"publish","type":"post","link":"https:\/\/infovera.com.ar\/web\/2022\/01\/06\/dos-incendios-de-pastizales-fueron-combatidos-por-bomberos-de-vera\/","title":{"rendered":"Dos incendios de pastizales fueron combatidos por bomberos de Vera"},"content":{"rendered":"<p><strong>La Agrupaci\u00f3n Vera de Bomberos intervino en dos incendios de pastizales.<\/strong><\/p>\n<p>En la Estancia Miraflor de la localidad de Esp\u00edn, los bomberos pudieron divisar un foco \u00edgneo sobre pasturas naturales, por lo que procedieron a extinguir el mismo mediante el empleo de una l\u00ednea devanadera del m\u00f3vil concurrente, azotadores y bate fuego.<\/p>\n<p>Cabe destacar que se arrojaron 500 litros de agua y las afectaciones del mismo fueron de 100 metros de largo por 50 metros de ancho aproximadamente.<\/p>\n<p>Finalmente, en Ruta 83 S, Paraje Km 38, dicha agrupaci\u00f3n trabaj\u00f3 en un incendio forestal de grandes dimensiones ocurrido en zona de ca\u00f1ada de un establecimiento.<\/p>\n<p>Al producirse varios focos \u00edgneos, los bomberos debieron utilizar mochilas con agua y azotadores logrando la contenci\u00f3n de los incendios.<\/p>\n<p>Cabe destacar que el propietario del lugar solicit\u00f3 colaboraci\u00f3n a la comuna de la Gallareta, quien facilit\u00f3 un tractor con un disco de arrastre que permiti\u00f3 realizar un cortafuego en la zona.<\/p>\n<p>Producto del fuego, qued\u00f3 afectado un terreno de aproximadamente 20 hect\u00e1reas de pasturas, como as\u00ed tambi\u00e9n, alambrados y postes.<\/p>\n","protected":false},"excerpt":{"rendered":"<p>La Agrupaci\u00f3n Vera de Bomberos intervino en dos incendios de pastizales. En la Estancia Miraflor de la localidad de Esp\u00edn, los bomberos pudieron divisar un foco \u00edgneo sobre pasturas naturales, por lo que procedieron a extinguir el mismo mediante el empleo de una l\u00ednea devanadera del m\u00f3vil concurrente, azotadores y bate fuego. Cabe destacar que [&hellip;]<\/p>\n","protected":false},"author":3,"featured_media":30813,"comment_status":"closed","ping_status":"closed","sticky":false,"template":"","format":"standard","meta":{"_joinchat":[],"footnotes":""},"categories":[53],"tags":[],"class_list":{"0":"post-30812","1":"post","2":"type-post","3":"status-publish","4":"format-standard","5":"has-post-thumbnail","7":"category-vera"},"_links":{"self":[{"href":"https:\/\/infovera.com.ar\/web\/wp-json\/wp\/v2\/posts\/30812","targetHints":{"allow":["GET"]}}],"collection":[{"href":"https:\/\/infovera.com.ar\/web\/wp-json\/wp\/v2\/posts"}],"about":[{"href":"https:\/\/infovera.com.ar\/web\/wp-json\/wp\/v2\/types\/post"}],"author":[{"embeddable":true,"href":"https:\/\/infovera.com.ar\/web\/wp-json\/wp\/v2\/users\/3"}],"replies":[{"embeddable":true,"href":"https:\/\/infovera.com.ar\/web\/wp-json\/wp\/v2\/comments?post=30812"}],"version-history":[{"count":0,"href":"https:\/\/infovera.com.ar\/web\/wp-json\/wp\/v2\/posts\/30812\/revisions"}],"wp:featuredmedia":[{"embeddable":true,"href":"https:\/\/infovera.com.ar\/web\/wp-json\/wp\/v2\/media\/30813"}],"wp:attachment":[{"href":"https:\/\/infovera.com.ar\/web\/wp-json\/wp\/v2\/media?parent=30812"}],"wp:term":[{"taxonomy":"category","embeddable":true,"href":"https:\/\/infovera.com.ar\/web\/wp-json\/wp\/v2\/categories?post=30812"},{"taxonomy":"post_tag","embeddable":true,"href":"https:\/\/infovera.com.ar\/web\/wp-json\/wp\/v2\/tags?post=30812"}],"curies":[{"name":"wp","href":"https:\/\/api.w.org\/{rel}","templated":true}]}}