{"id":30767,"date":"2022-01-05T12:36:44","date_gmt":"2022-01-05T15:36:44","guid":{"rendered":"https:\/\/infovera.com.ar\/web\/?p=30767"},"modified":"2022-01-05T12:36:44","modified_gmt":"2022-01-05T15:36:44","slug":"cosvel-informa-que-se-reducira-la-presion-del-agua-por-trabajos-en-la-estacion-del-polideportivo","status":"publish","type":"post","link":"https:\/\/infovera.com.ar\/web\/2022\/01\/05\/cosvel-informa-que-se-reducira-la-presion-del-agua-por-trabajos-en-la-estacion-del-polideportivo\/","title":{"rendered":"CoSVeL informa que se reducir\u00e1 la presi\u00f3n del agua por trabajos en la estaci\u00f3n del polideportivo"},"content":{"rendered":"<p><span lang=\"ES\">La Cooperativa de Provisi\u00f3n, de Obras y Servicios P\u00fablicos de Vera (Co.S.Ve.L.), comunica a la Poblaci\u00f3n que por inconvenientes que se presentaron en la captaci\u00f3n de la estaci\u00f3n de rebombeo de agua potable, ubicada en el Polideportivo Municipal, se estar\u00e1n realizando trabajos para subsanar el mismo.<\/span><\/p>\n<p><span lang=\"ES\">Dichos trabajos se llevar\u00e1n a cabo entre las 22 horas del d\u00eda de hoy, hasta aproximadamente las 10 horas del d\u00eda de ma\u00f1ana jueves, por lo que durante ese lapso\u00a0<\/span><span lang=\"ES\"><b>se podr\u00eda producir una reducci\u00f3n en la presi\u00f3n de servicio<\/b><\/span><span lang=\"ES\">\u00a0en la\u00a0<\/span><span lang=\"ES\">Zona Este<\/span><span lang=\"ES\">\u00a0de la Ciudad.<\/span><\/p>\n<p><span lang=\"ES\">Atento a lo informado, solicitamos se tomen las medidas necesarias.<\/span><\/p>\n<p><span lang=\"ES\">Se agradece que sepan disculpar las molestias que estos trabajos puedan ocasionar.<\/span><\/p>\n","protected":false},"excerpt":{"rendered":"<p>La Cooperativa de Provisi\u00f3n, de Obras y Servicios P\u00fablicos de Vera (Co.S.Ve.L.), comunica a la Poblaci\u00f3n que por inconvenientes que se presentaron en la captaci\u00f3n de la estaci\u00f3n de rebombeo de agua potable, ubicada en el Polideportivo Municipal, se estar\u00e1n realizando trabajos para subsanar el mismo. Dichos trabajos se llevar\u00e1n a cabo entre las 22 [&hellip;]<\/p>\n","protected":false},"author":3,"featured_media":27867,"comment_status":"closed","ping_status":"closed","sticky":false,"template":"","format":"standard","meta":{"_joinchat":[],"footnotes":""},"categories":[51,53],"tags":[],"class_list":{"0":"post-30767","1":"post","2":"type-post","3":"status-publish","4":"format-standard","5":"has-post-thumbnail","7":"category-locales","8":"category-vera"},"_links":{"self":[{"href":"https:\/\/infovera.com.ar\/web\/wp-json\/wp\/v2\/posts\/30767","targetHints":{"allow":["GET"]}}],"collection":[{"href":"https:\/\/infovera.com.ar\/web\/wp-json\/wp\/v2\/posts"}],"about":[{"href":"https:\/\/infovera.com.ar\/web\/wp-json\/wp\/v2\/types\/post"}],"author":[{"embeddable":true,"href":"https:\/\/infovera.com.ar\/web\/wp-json\/wp\/v2\/users\/3"}],"replies":[{"embeddable":true,"href":"https:\/\/infovera.com.ar\/web\/wp-json\/wp\/v2\/comments?post=30767"}],"version-history":[{"count":0,"href":"https:\/\/infovera.com.ar\/web\/wp-json\/wp\/v2\/posts\/30767\/revisions"}],"wp:featuredmedia":[{"embeddable":true,"href":"https:\/\/infovera.com.ar\/web\/wp-json\/wp\/v2\/media\/27867"}],"wp:attachment":[{"href":"https:\/\/infovera.com.ar\/web\/wp-json\/wp\/v2\/media?parent=30767"}],"wp:term":[{"taxonomy":"category","embeddable":true,"href":"https:\/\/infovera.com.ar\/web\/wp-json\/wp\/v2\/categories?post=30767"},{"taxonomy":"post_tag","embeddable":true,"href":"https:\/\/infovera.com.ar\/web\/wp-json\/wp\/v2\/tags?post=30767"}],"curies":[{"name":"wp","href":"https:\/\/api.w.org\/{rel}","templated":true}]}}