{"id":30756,"date":"2022-01-05T11:07:26","date_gmt":"2022-01-05T14:07:26","guid":{"rendered":"https:\/\/infovera.com.ar\/web\/?p=30756"},"modified":"2022-01-05T11:07:26","modified_gmt":"2022-01-05T14:07:26","slug":"se-encuentra-en-su-etapa-final-la-construccion-del-nuevo-puente-sobre-laguna-la-verdecita","status":"publish","type":"post","link":"https:\/\/infovera.com.ar\/web\/2022\/01\/05\/se-encuentra-en-su-etapa-final-la-construccion-del-nuevo-puente-sobre-laguna-la-verdecita\/","title":{"rendered":"Se encuentra en su etapa final la construcci\u00f3n del nuevo puente sobre Laguna La Verdecita"},"content":{"rendered":"<p>La Direcci\u00f3n Provincial de Vialidad (DPV), dependiente del Ministerio de Infraestructura, Servicios P\u00fablicos y H\u00e1bitat, inform\u00f3 que entr\u00f3 en la etapa final la obra de construcci\u00f3n de un nuevo puente sobre Laguna La Verdecita (ruta provincial N\u00b013), entre las RP 277-s y 90-s, zona noroeste del territorio.<\/p>\n<p>Entre las tareas, que comenzaron durante julio \u00faltimo y tienen un 94% de avance, se realiz\u00f3 la demolici\u00f3n de la estructura existente y la posterior construcci\u00f3n de fundaciones, plateas y soportes para la nueva conexi\u00f3n, que cuenta con 24,5 metros de largo y est\u00e1 conformada por siete tramos de hormig\u00f3n armado, de 3,5 metros cada uno, con nueve metros de ancho de calzada.<\/p>\n<p>Sobre la intervenci\u00f3n, el administrador general de la DPV, Oscar Ceschi, detall\u00f3: &#8220;A mediados del a\u00f1o pasado, desde las inspecciones que realizamos en toda la provincia corroboramos el estado de emergencia que ten\u00eda el puente y por eso, en primera instancia, restringimos el tr\u00e1nsito pesado, creamos un desv\u00edo para veh\u00edculos livianos y comenzamos las obras. A trav\u00e9s de un gran esfuerzo, planificamos terminar los trabajos antes que finalice febrero, conociendo que la ruta es muy importante para la producci\u00f3n de la zona ya que alcanza a la ruta nacional N\u00b098, principal conexi\u00f3n entre las ciudades de Vera y Tostado&#8221;.<\/p>\n<p>En cuanto a los trabajos restantes se contempla la colocaci\u00f3n de las barandas met\u00e1licas, la finalizaci\u00f3n de la carpeta de rodamiento, el recalce de terraplenes y conformaci\u00f3n de accesos, adem\u00e1s de retirar los anillos de cierres laterales que fueron utilizados como desv\u00edos transitorios creando un dique seco de contenci\u00f3n. Las obras, est\u00e1n a cargo de la firma Conylog S.R.L., y cuentan con un presupuesto actualizado de $152.600.749,24.<\/p>\n","protected":false},"excerpt":{"rendered":"<p>La Direcci\u00f3n Provincial de Vialidad (DPV), dependiente del Ministerio de Infraestructura, Servicios P\u00fablicos y H\u00e1bitat, inform\u00f3 que entr\u00f3 en la etapa final la obra de construcci\u00f3n de un nuevo puente sobre Laguna La Verdecita (ruta provincial N\u00b013), entre las RP 277-s y 90-s, zona noroeste del territorio. Entre las tareas, que comenzaron durante julio \u00faltimo [&hellip;]<\/p>\n","protected":false},"author":3,"featured_media":30757,"comment_status":"closed","ping_status":"closed","sticky":false,"template":"","format":"standard","meta":{"_joinchat":[],"footnotes":""},"categories":[60],"tags":[],"class_list":{"0":"post-30756","1":"post","2":"type-post","3":"status-publish","4":"format-standard","5":"has-post-thumbnail","7":"category-provinciales"},"_links":{"self":[{"href":"https:\/\/infovera.com.ar\/web\/wp-json\/wp\/v2\/posts\/30756","targetHints":{"allow":["GET"]}}],"collection":[{"href":"https:\/\/infovera.com.ar\/web\/wp-json\/wp\/v2\/posts"}],"about":[{"href":"https:\/\/infovera.com.ar\/web\/wp-json\/wp\/v2\/types\/post"}],"author":[{"embeddable":true,"href":"https:\/\/infovera.com.ar\/web\/wp-json\/wp\/v2\/users\/3"}],"replies":[{"embeddable":true,"href":"https:\/\/infovera.com.ar\/web\/wp-json\/wp\/v2\/comments?post=30756"}],"version-history":[{"count":0,"href":"https:\/\/infovera.com.ar\/web\/wp-json\/wp\/v2\/posts\/30756\/revisions"}],"wp:featuredmedia":[{"embeddable":true,"href":"https:\/\/infovera.com.ar\/web\/wp-json\/wp\/v2\/media\/30757"}],"wp:attachment":[{"href":"https:\/\/infovera.com.ar\/web\/wp-json\/wp\/v2\/media?parent=30756"}],"wp:term":[{"taxonomy":"category","embeddable":true,"href":"https:\/\/infovera.com.ar\/web\/wp-json\/wp\/v2\/categories?post=30756"},{"taxonomy":"post_tag","embeddable":true,"href":"https:\/\/infovera.com.ar\/web\/wp-json\/wp\/v2\/tags?post=30756"}],"curies":[{"name":"wp","href":"https:\/\/api.w.org\/{rel}","templated":true}]}}