{"id":30718,"date":"2022-01-03T22:08:19","date_gmt":"2022-01-04T01:08:19","guid":{"rendered":"https:\/\/infovera.com.ar\/web\/?p=30718"},"modified":"2022-01-07T15:17:34","modified_gmt":"2022-01-07T18:17:34","slug":"pico-de-covid-en-vera-las-cepas-que-circulan-son-altamente-contagiosas","status":"publish","type":"post","link":"https:\/\/infovera.com.ar\/web\/2022\/01\/03\/pico-de-covid-en-vera-las-cepas-que-circulan-son-altamente-contagiosas\/","title":{"rendered":"Pico de Covid en Vera: &#8220;Las cepas que circulan son altamente contagiosas&#8221;"},"content":{"rendered":"<p><strong>En el primer d\u00eda h\u00e1bil de enero, Vera tuvo 27 nuevos casos de coronavirus confirmados.<\/strong><\/p>\n<p>La cantidad de nuevos infectados llama la atenci\u00f3n ya que representa niveles de los momentos m\u00e1s \u00e1lgidos de la pandemia.<\/p>\n<p>En la jornada de ayer se hab\u00edan sido informados solo 2 contagios, pero hoy el n\u00famero se multiplic\u00f3 varias veces para configurar un cifra que preocupa tanto a las autoridades sanitarias como a la comunidad.<\/p>\n<p><strong>InfoVera<\/strong> consult\u00f3 esta noche a la directora del Hospital Regional Vera acerca de este pico de casos de Covid en la ciudad. &#8220;Las cepas que circulan son altamente contagiosas&#8221;, explic\u00f3 la Dra. Carola Newman.<\/p>\n<p>La profesional se\u00f1al\u00f3 que no se conoce a\u00fan qu\u00e9 tipo de variante es la que est\u00e1 presente en Vera, porque &#8220;todav\u00eda no hemos el resultado de ninguna PCR que es lo que determina la tipificaci\u00f3n de las cepas&#8221;.<\/p>\n<p>&#8220;As\u00ed que no podemos ponerles ning\u00fan nombre a los virus causantes de este pico de infecci\u00f3n por coronavirus. Vamos a esperar y cuando sepamos alg\u00fan resultado se ver\u00e1 si se informa, seguramente s\u00ed&#8221;, expres\u00f3.<\/p>\n<p>La Dra. Neuman puso de relieve que &#8220;al estar tanta gente vacunada los s\u00edntomas son leves y los internados muy pocos&#8221;.<\/p>\n<p>Y, por \u00faltimo, consultada sobre el origen de este brote pand\u00e9mico, estim\u00f3 que &#8220;la gran movilizaci\u00f3n de pacientes desde otras provincias, de zonas de mayor circulaci\u00f3n viral, tiene que ver&#8221;.<\/p>\n","protected":false},"excerpt":{"rendered":"<p>En el primer d\u00eda h\u00e1bil de enero, Vera tuvo 27 nuevos casos de coronavirus confirmados. La cantidad de nuevos infectados llama la atenci\u00f3n ya que representa niveles de los momentos m\u00e1s \u00e1lgidos de la pandemia. En la jornada de ayer se hab\u00edan sido informados solo 2 contagios, pero hoy el n\u00famero se multiplic\u00f3 varias veces [&hellip;]<\/p>\n","protected":false},"author":3,"featured_media":21279,"comment_status":"closed","ping_status":"closed","sticky":false,"template":"","format":"standard","meta":{"_joinchat":[],"footnotes":""},"categories":[53],"tags":[],"class_list":{"0":"post-30718","1":"post","2":"type-post","3":"status-publish","4":"format-standard","5":"has-post-thumbnail","7":"category-vera"},"_links":{"self":[{"href":"https:\/\/infovera.com.ar\/web\/wp-json\/wp\/v2\/posts\/30718","targetHints":{"allow":["GET"]}}],"collection":[{"href":"https:\/\/infovera.com.ar\/web\/wp-json\/wp\/v2\/posts"}],"about":[{"href":"https:\/\/infovera.com.ar\/web\/wp-json\/wp\/v2\/types\/post"}],"author":[{"embeddable":true,"href":"https:\/\/infovera.com.ar\/web\/wp-json\/wp\/v2\/users\/3"}],"replies":[{"embeddable":true,"href":"https:\/\/infovera.com.ar\/web\/wp-json\/wp\/v2\/comments?post=30718"}],"version-history":[{"count":0,"href":"https:\/\/infovera.com.ar\/web\/wp-json\/wp\/v2\/posts\/30718\/revisions"}],"wp:featuredmedia":[{"embeddable":true,"href":"https:\/\/infovera.com.ar\/web\/wp-json\/wp\/v2\/media\/21279"}],"wp:attachment":[{"href":"https:\/\/infovera.com.ar\/web\/wp-json\/wp\/v2\/media?parent=30718"}],"wp:term":[{"taxonomy":"category","embeddable":true,"href":"https:\/\/infovera.com.ar\/web\/wp-json\/wp\/v2\/categories?post=30718"},{"taxonomy":"post_tag","embeddable":true,"href":"https:\/\/infovera.com.ar\/web\/wp-json\/wp\/v2\/tags?post=30718"}],"curies":[{"name":"wp","href":"https:\/\/api.w.org\/{rel}","templated":true}]}}