{"id":30700,"date":"2022-01-03T14:12:49","date_gmt":"2022-01-03T17:12:49","guid":{"rendered":"https:\/\/infovera.com.ar\/web\/?p=30700"},"modified":"2022-01-03T14:12:49","modified_gmt":"2022-01-03T17:12:49","slug":"hay-mas-de-150-agentes-de-la-epe-aislados-por-protocolo-sanitario","status":"publish","type":"post","link":"https:\/\/infovera.com.ar\/web\/2022\/01\/03\/hay-mas-de-150-agentes-de-la-epe-aislados-por-protocolo-sanitario\/","title":{"rendered":"Hay m\u00e1s de 150 agentes de la EPE aislados por protocolo sanitario"},"content":{"rendered":"<p>El Directorio de la Empresa Provincial de la Energ\u00eda (EPE) informa que, como consecuencia del desarrollo de rebrote de la pandemia Covid19, 151 agentes de distintos sectores de la organizaci\u00f3n se encuentran aislados o con confirmaci\u00f3n de la enfermedad.<\/p>\n<p>&nbsp;<\/p>\n<p>En particular, se verificaron 99 agentes en la zona Rosario, 37 en Santa Fe y 15 en Rafaela.<\/p>\n<p>&nbsp;<\/p>\n<p>Un porcentaje importante de estos empleados, cumplen funciones operativas espec\u00edficas de atenci\u00f3n del servicio en las calles. Esta situaci\u00f3n, puede originar eventuales demoras en la soluci\u00f3n de algunos reclamos.<\/p>\n<p>&nbsp;<\/p>\n<p>En virtud del exponencial crecimiento de los casos, la Gerencia de Recursos Humanos se encuentra en permanente contacto con las autoridades provinciales sanitarias y con las entidades gremiales monitoreando la situaci\u00f3n, atendiendo que esta actividad ha sido declarada esencial por las normativas nacional y provinciales vigentes en los protocolos Covid.<\/p>\n<p>&nbsp;<\/p>\n<p>USO EFICIENTE<\/p>\n<p>&nbsp;<\/p>\n<p>Ante esta situaci\u00f3n y la extensi\u00f3n de m\u00e1s de 20 d\u00edas de la ola de calor por la cual transcurre esta regi\u00f3n del pa\u00eds, la EPE solicita la utilizaci\u00f3n eficiente del recurso:<\/p>\n<p>&nbsp;<\/p>\n<p>&gt;&gt; Usar los equipos de aire acondicionado a no menos de 24\u00b0. Cada grado por debajo de esa marca, produce un consumo mayor de electricidad, de entre 5 y 10 %.<\/p>\n<p>&nbsp;<\/p>\n<p>&gt;&gt; Limpiar peri\u00f3dicamente los filtros de los equipos acondicionadores de aire y vigilar el mantenimiento del mismo.<\/p>\n<p>&nbsp;<\/p>\n<p>&gt;&gt; Utilizar l\u00e1mparas led.<\/p>\n<p>&nbsp;<\/p>\n<p>&gt;&gt; Reducir consumos ociosos de electricidad.<\/p>\n<p>&nbsp;<\/p>\n<p>&gt;&gt; Tener en cuenta el etiquetado de eficiencia energ\u00e9tica de aires acondicionados, heladeras y lavarropas al momento de adquirirlos. Las m\u00e1s eficientes son de clase A.<\/p>\n","protected":false},"excerpt":{"rendered":"<p>El Directorio de la Empresa Provincial de la Energ\u00eda (EPE) informa que, como consecuencia del desarrollo de rebrote de la pandemia Covid19, 151 agentes de distintos sectores de la organizaci\u00f3n se encuentran aislados o con confirmaci\u00f3n de la enfermedad. &nbsp; En particular, se verificaron 99 agentes en la zona Rosario, 37 en Santa Fe y [&hellip;]<\/p>\n","protected":false},"author":3,"featured_media":30701,"comment_status":"closed","ping_status":"closed","sticky":false,"template":"","format":"standard","meta":{"_joinchat":[],"footnotes":""},"categories":[60],"tags":[],"class_list":{"0":"post-30700","1":"post","2":"type-post","3":"status-publish","4":"format-standard","5":"has-post-thumbnail","7":"category-provinciales"},"_links":{"self":[{"href":"https:\/\/infovera.com.ar\/web\/wp-json\/wp\/v2\/posts\/30700","targetHints":{"allow":["GET"]}}],"collection":[{"href":"https:\/\/infovera.com.ar\/web\/wp-json\/wp\/v2\/posts"}],"about":[{"href":"https:\/\/infovera.com.ar\/web\/wp-json\/wp\/v2\/types\/post"}],"author":[{"embeddable":true,"href":"https:\/\/infovera.com.ar\/web\/wp-json\/wp\/v2\/users\/3"}],"replies":[{"embeddable":true,"href":"https:\/\/infovera.com.ar\/web\/wp-json\/wp\/v2\/comments?post=30700"}],"version-history":[{"count":0,"href":"https:\/\/infovera.com.ar\/web\/wp-json\/wp\/v2\/posts\/30700\/revisions"}],"wp:featuredmedia":[{"embeddable":true,"href":"https:\/\/infovera.com.ar\/web\/wp-json\/wp\/v2\/media\/30701"}],"wp:attachment":[{"href":"https:\/\/infovera.com.ar\/web\/wp-json\/wp\/v2\/media?parent=30700"}],"wp:term":[{"taxonomy":"category","embeddable":true,"href":"https:\/\/infovera.com.ar\/web\/wp-json\/wp\/v2\/categories?post=30700"},{"taxonomy":"post_tag","embeddable":true,"href":"https:\/\/infovera.com.ar\/web\/wp-json\/wp\/v2\/tags?post=30700"}],"curies":[{"name":"wp","href":"https:\/\/api.w.org\/{rel}","templated":true}]}}