{"id":30696,"date":"2022-01-03T14:05:55","date_gmt":"2022-01-03T17:05:55","guid":{"rendered":"https:\/\/infovera.com.ar\/web\/?p=30696"},"modified":"2022-01-03T14:05:55","modified_gmt":"2022-01-03T17:05:55","slug":"la-provincia-propicio-un-encuentro-de-la-mesa-provincial-de-desarrollo-rural","status":"publish","type":"post","link":"https:\/\/infovera.com.ar\/web\/2022\/01\/03\/la-provincia-propicio-un-encuentro-de-la-mesa-provincial-de-desarrollo-rural\/","title":{"rendered":"La provincia propici\u00f3 un encuentro de la Mesa Provincial de Desarrollo Rural"},"content":{"rendered":"<p>El Ministerio de Producci\u00f3n, Ciencia y Tecnolog\u00eda, a trav\u00e9s de la Secretar\u00eda de Desarrollo Territorial y Arraigo, propici\u00f3 un nuevo encuentro de la Mesa Provincial de Desarrollo Rural a fin de poner en valor las distintas acciones concretadas desde dicha cartera. Asimismo el objetivo fue marcar una agenda de trabajo articulada con el sector de la agricultura familiar para el pr\u00f3ximo a\u00f1o.<\/p>\n<p>Al inicio de la reuni\u00f3n, que se desarroll\u00f3 a trav\u00e9s de una videoconferencia, se recibieron inquietudes respecto a la Ley de Tierras N\u00b0 13.666, captando sugerencias en torno a la aplicaci\u00f3n de la reglamentaci\u00f3n vigente, a los esquemas de inscripci\u00f3n, y dem\u00e1s necesidades que surgen respecto a dicha normativa. En segunda instancia, se abord\u00f3 lo realizado durante este a\u00f1o respecto al financiamiento de los m\u00f3dulos productivos, actividad que se lleva adelante con ex alumnos y alumnos de escuelas agrot\u00e9cnicas de toda la provincia. Dicha iniciativa ya lleva ejecutada m\u00e1s de 5 millones de pesos en todo el territorio santafesino en materia de m\u00f3dulos av\u00edcola, caprino, y hort\u00edcola, entre otros.<\/p>\n<p>&nbsp;<\/p>\n<p>Para concluir la reuni\u00f3n se invit\u00f3 a los productores de los distintos sectores de la agricultura familiar a marcar una agenda de trabajo articulada para el pr\u00f3ximo a\u00f1o, con el objetivo de abordar y planificar diversos temas tales como: g\u00e9nero, j\u00f3venes, medio ambiente y otras tem\u00e1ticas vinculadas al desarrollo sustentable.<\/p>\n<p>&nbsp;<\/p>\n<p>Luego del encuentro, el secretario de Desarrollo Territorial y Arraigo, Fabricio Medina, valor\u00f3: &#8220;Desde el Ministerio consideramos esencial la participaci\u00f3n de los actores del territorio en estos procesos de instrumentaci\u00f3n de las distintas pol\u00edticas p\u00fablicas. En esta ocasi\u00f3n, las iniciativas benefician al sector de la agricultura familiar y a todos los peque\u00f1os productores que d\u00eda a d\u00eda se levantan y luchan en cada uno de sus lugares\u201d.<\/p>\n<p>&nbsp;<\/p>\n<p>\u201cCreemos que es fundamental que puedan tener mejores condiciones de vida y mayores oportunidades, por eso es muy importante la participaci\u00f3n de estos actores en los diversos encuentros para que ellos sean centrales en la toma de decisiones. En esta oportunidad escuchamos y convocamos a cada uno de ellos en esta Mesa&#8221;, concluy\u00f3 el funcionario.<\/p>\n<p>&nbsp;<\/p>\n<p>PRESENTES<\/p>\n<p>&nbsp;<\/p>\n<p>De dicho encuentro, adem\u00e1s del mencionado funcionario provincial, participaron el director General de Desarrollo Rural y Agroindustria Familiar, Marcelo Machado; el t\u00e9cnico de la Secretar\u00eda de Desarrollo Territorial y Arraigo, Nahuel Ponce; representantes de la Secretar\u00eda de Agricultura Familia, Campesina e Ind\u00edgena del Ministerio de Agricultura, Ganader\u00eda y Pesca de la Naci\u00f3n; de Senasa Santa Fe; de Moprofe; de INTA e INTI Reconquista; INTA Ceres; de Fundapaz; del \u00e1rea de agricultura familiar de Rosario; de la Asociaci\u00f3n para el Desarrollo del Departamento 9 de Julio; y peque\u00f1os productores e integrantes de las escuelas de la familia agr\u00edcola de la provincia.<\/p>\n<p>&nbsp;<\/p>\n","protected":false},"excerpt":{"rendered":"<p>El Ministerio de Producci\u00f3n, Ciencia y Tecnolog\u00eda, a trav\u00e9s de la Secretar\u00eda de Desarrollo Territorial y Arraigo, propici\u00f3 un nuevo encuentro de la Mesa Provincial de Desarrollo Rural a fin de poner en valor las distintas acciones concretadas desde dicha cartera. Asimismo el objetivo fue marcar una agenda de trabajo articulada con el sector de [&hellip;]<\/p>\n","protected":false},"author":3,"featured_media":30698,"comment_status":"closed","ping_status":"closed","sticky":false,"template":"","format":"standard","meta":{"_joinchat":[],"footnotes":""},"categories":[60],"tags":[],"class_list":{"0":"post-30696","1":"post","2":"type-post","3":"status-publish","4":"format-standard","5":"has-post-thumbnail","7":"category-provinciales"},"_links":{"self":[{"href":"https:\/\/infovera.com.ar\/web\/wp-json\/wp\/v2\/posts\/30696","targetHints":{"allow":["GET"]}}],"collection":[{"href":"https:\/\/infovera.com.ar\/web\/wp-json\/wp\/v2\/posts"}],"about":[{"href":"https:\/\/infovera.com.ar\/web\/wp-json\/wp\/v2\/types\/post"}],"author":[{"embeddable":true,"href":"https:\/\/infovera.com.ar\/web\/wp-json\/wp\/v2\/users\/3"}],"replies":[{"embeddable":true,"href":"https:\/\/infovera.com.ar\/web\/wp-json\/wp\/v2\/comments?post=30696"}],"version-history":[{"count":0,"href":"https:\/\/infovera.com.ar\/web\/wp-json\/wp\/v2\/posts\/30696\/revisions"}],"wp:featuredmedia":[{"embeddable":true,"href":"https:\/\/infovera.com.ar\/web\/wp-json\/wp\/v2\/media\/30698"}],"wp:attachment":[{"href":"https:\/\/infovera.com.ar\/web\/wp-json\/wp\/v2\/media?parent=30696"}],"wp:term":[{"taxonomy":"category","embeddable":true,"href":"https:\/\/infovera.com.ar\/web\/wp-json\/wp\/v2\/categories?post=30696"},{"taxonomy":"post_tag","embeddable":true,"href":"https:\/\/infovera.com.ar\/web\/wp-json\/wp\/v2\/tags?post=30696"}],"curies":[{"name":"wp","href":"https:\/\/api.w.org\/{rel}","templated":true}]}}