{"id":30676,"date":"2022-01-03T08:16:17","date_gmt":"2022-01-03T11:16:17","guid":{"rendered":"https:\/\/infovera.com.ar\/web\/?p=30676"},"modified":"2022-01-03T08:16:17","modified_gmt":"2022-01-03T11:16:17","slug":"10-anos-de-prision-para-un-abusador","status":"publish","type":"post","link":"https:\/\/infovera.com.ar\/web\/2022\/01\/03\/10-anos-de-prision-para-un-abusador\/","title":{"rendered":"10 a\u00f1os de prisi\u00f3n para un abusador"},"content":{"rendered":"<p><strong>En el marco de una audiencia celebrada el d\u00eda 29 de diciembre de 2021, por ante la Juez de la IPP Doctora Norma Noemi Senn en la sede de la OGJ de Las Toscas , se dispuso condenar a Jorge Ben\u00edtez por los delitos de abuso sexual gravemente ultrajante a la pena de 10 a\u00f1os de prisi\u00f3n pena efectivo cumplimiento.<\/strong><\/p>\n<p>El fiscal Doctor Norberto Rios estuvo a cargo de la investigaci\u00f3n por una denuncia realizada el d\u00eda 06 de septiembre de 2020 realizar por SIS en la que tuvo intervenci\u00f3n A.I.V.G.S.F. Villa Ocampo, donde se pudo constatar con evidencias concretar la autor\u00eda del condenado en los delitos por el cual fue acusado.<\/p>\n<p>El fiscal actuante calific\u00f3 legalmente los hechos como Abuso sexual gravemente ultrajante reiterado calificado por la convivencia preexistente con una menor de 18 a\u00f1os y ser su autor guardador de las menores en concurse real con abuso simple calificado por la convivencia preexistente (Arts. 119, 1er. P\u00e1rrafo, primer, tercer y cuarto p\u00e1rrafo mes. B y F, 55 y 45 del C.P).-Tambi\u00e9n otro hecho fue calificado como amenazas y lesiones leves dolosas en car\u00e1cter de autor (Art 149 bis primer p\u00e1rrafo, 89y 45 del CP).<\/p>\n<p>En la audiencia celebrada el 29 de diciembre de 2021 por ante la OGJ de la ciudad de Las Toscas, donde comparecieron todas las partes y con el consentimiento de las v\u00edctimas, se celebr\u00f3 un juicio en donde se abreviaron los plazos, en el cual el autor acept\u00f3 su responsabilidad y la jueza de la IPP Doctora Senn lo conden\u00f3 a 10 a\u00f1os de prisi\u00f3n de efectivo cumplimiento.<\/p>\n<p><img loading=\"lazy\" decoding=\"async\" class=\" wp-image-30589 aligncenter\" src=\"https:\/\/infovera.com.ar\/web\/wp-content\/uploads\/2021\/12\/ACOSTaa-1-300x54.jpg\" alt=\"\" width=\"689\" height=\"124\" srcset=\"https:\/\/infovera.com.ar\/web\/wp-content\/uploads\/2021\/12\/ACOSTaa-1-300x54.jpg 300w, https:\/\/infovera.com.ar\/web\/wp-content\/uploads\/2021\/12\/ACOSTaa-1.jpg 670w\" sizes=\"auto, (max-width: 689px) 100vw, 689px\" \/><\/p>\n","protected":false},"excerpt":{"rendered":"<p>En el marco de una audiencia celebrada el d\u00eda 29 de diciembre de 2021, por ante la Juez de la IPP Doctora Norma Noemi Senn en la sede de la OGJ de Las Toscas , se dispuso condenar a Jorge Ben\u00edtez por los delitos de abuso sexual gravemente ultrajante a la pena de 10 a\u00f1os [&hellip;]<\/p>\n","protected":false},"author":3,"featured_media":28132,"comment_status":"closed","ping_status":"closed","sticky":false,"template":"","format":"standard","meta":{"_joinchat":[],"footnotes":""},"categories":[55],"tags":[],"class_list":{"0":"post-30676","1":"post","2":"type-post","3":"status-publish","4":"format-standard","5":"has-post-thumbnail","7":"category-reconquista"},"_links":{"self":[{"href":"https:\/\/infovera.com.ar\/web\/wp-json\/wp\/v2\/posts\/30676","targetHints":{"allow":["GET"]}}],"collection":[{"href":"https:\/\/infovera.com.ar\/web\/wp-json\/wp\/v2\/posts"}],"about":[{"href":"https:\/\/infovera.com.ar\/web\/wp-json\/wp\/v2\/types\/post"}],"author":[{"embeddable":true,"href":"https:\/\/infovera.com.ar\/web\/wp-json\/wp\/v2\/users\/3"}],"replies":[{"embeddable":true,"href":"https:\/\/infovera.com.ar\/web\/wp-json\/wp\/v2\/comments?post=30676"}],"version-history":[{"count":0,"href":"https:\/\/infovera.com.ar\/web\/wp-json\/wp\/v2\/posts\/30676\/revisions"}],"wp:featuredmedia":[{"embeddable":true,"href":"https:\/\/infovera.com.ar\/web\/wp-json\/wp\/v2\/media\/28132"}],"wp:attachment":[{"href":"https:\/\/infovera.com.ar\/web\/wp-json\/wp\/v2\/media?parent=30676"}],"wp:term":[{"taxonomy":"category","embeddable":true,"href":"https:\/\/infovera.com.ar\/web\/wp-json\/wp\/v2\/categories?post=30676"},{"taxonomy":"post_tag","embeddable":true,"href":"https:\/\/infovera.com.ar\/web\/wp-json\/wp\/v2\/tags?post=30676"}],"curies":[{"name":"wp","href":"https:\/\/api.w.org\/{rel}","templated":true}]}}