{"id":30607,"date":"2021-12-29T20:59:00","date_gmt":"2021-12-29T23:59:00","guid":{"rendered":"https:\/\/infovera.com.ar\/web\/?p=30607"},"modified":"2022-01-03T07:58:39","modified_gmt":"2022-01-03T10:58:39","slug":"confirman-32-nuevos-casos-en-el-departamento-vera","status":"publish","type":"post","link":"https:\/\/infovera.com.ar\/web\/2021\/12\/29\/confirman-32-nuevos-casos-en-el-departamento-vera\/","title":{"rendered":"Confirman 32 nuevos casos en el departamento Vera"},"content":{"rendered":"<p><strong>Los positivos se dieron en Vera, Calchaqu\u00ed y La Galllareta.<\/strong><\/p>\n<p>En esta ciudad hubo 10 contagios Todos presentan buena evoluci\u00f3n cl\u00ednica y est\u00e1n cursando la infecci\u00f3n en sus domicilios.<\/p>\n<p>Desde el Hospital Regional Vera advirtieron es\u00e1n aumentando los casos de afecciones respiratorios y por ende los hisopados.<\/p>\n","protected":false},"excerpt":{"rendered":"<p>Los positivos se dieron en Vera, Calchaqu\u00ed y La Galllareta. En esta ciudad hubo 10 contagios Todos presentan buena evoluci\u00f3n cl\u00ednica y est\u00e1n cursando la infecci\u00f3n en sus domicilios. Desde el Hospital Regional Vera advirtieron es\u00e1n aumentando los casos de afecciones respiratorios y por ende los hisopados.<\/p>\n","protected":false},"author":3,"featured_media":0,"comment_status":"closed","ping_status":"closed","sticky":false,"template":"","format":"standard","meta":{"_joinchat":[],"footnotes":""},"categories":[51],"tags":[],"class_list":{"0":"post-30607","1":"post","2":"type-post","3":"status-publish","4":"format-standard","6":"category-locales"},"_links":{"self":[{"href":"https:\/\/infovera.com.ar\/web\/wp-json\/wp\/v2\/posts\/30607","targetHints":{"allow":["GET"]}}],"collection":[{"href":"https:\/\/infovera.com.ar\/web\/wp-json\/wp\/v2\/posts"}],"about":[{"href":"https:\/\/infovera.com.ar\/web\/wp-json\/wp\/v2\/types\/post"}],"author":[{"embeddable":true,"href":"https:\/\/infovera.com.ar\/web\/wp-json\/wp\/v2\/users\/3"}],"replies":[{"embeddable":true,"href":"https:\/\/infovera.com.ar\/web\/wp-json\/wp\/v2\/comments?post=30607"}],"version-history":[{"count":0,"href":"https:\/\/infovera.com.ar\/web\/wp-json\/wp\/v2\/posts\/30607\/revisions"}],"wp:attachment":[{"href":"https:\/\/infovera.com.ar\/web\/wp-json\/wp\/v2\/media?parent=30607"}],"wp:term":[{"taxonomy":"category","embeddable":true,"href":"https:\/\/infovera.com.ar\/web\/wp-json\/wp\/v2\/categories?post=30607"},{"taxonomy":"post_tag","embeddable":true,"href":"https:\/\/infovera.com.ar\/web\/wp-json\/wp\/v2\/tags?post=30607"}],"curies":[{"name":"wp","href":"https:\/\/api.w.org\/{rel}","templated":true}]}}