{"id":30601,"date":"2021-12-29T18:24:16","date_gmt":"2021-12-29T21:24:16","guid":{"rendered":"https:\/\/infovera.com.ar\/web\/?p=30601"},"modified":"2021-12-29T18:24:16","modified_gmt":"2021-12-29T21:24:16","slug":"la-oposicion-le-da-herramientas-al-gobernador-en-plena-crisis-de-seguridad","status":"publish","type":"post","link":"https:\/\/infovera.com.ar\/web\/2021\/12\/29\/la-oposicion-le-da-herramientas-al-gobernador-en-plena-crisis-de-seguridad\/","title":{"rendered":"La oposici\u00f3n le da herramientas al gobernador en plena crisis de seguridad"},"content":{"rendered":"<p>La C\u00e1mara de Diputadas y Diputados de Santa Fe dio media sanci\u00f3n este martes al proyecto de ley de la diputada del bloque Socialista Lionella Cattalini sobre \u201cEmergencia en Seguridad P\u00fablica\u201d, iniciativa que otorga al Poder Ejecutivo herramientas administrativas para gestionar con mayor operatividad gestiones tales como la incorporaci\u00f3n de tecnolog\u00eda y m\u00f3viles policiales, y el otorgamiento de suplementos salariales para el personal policial y del sistema penitenciario, entre otras. La norma, que tendr\u00e1 vigencia por un a\u00f1o y se sanciona luego del vencimiento de la pr\u00f3rroga de la anterior el pasado 1\u00ba de octubre, prev\u00e9 tambi\u00e9n la autorizaci\u00f3n de partidas para los fines previstos.<\/p>\n<p>El proyecto aprobado tambi\u00e9n establece que el Servicio Penitenciario vuelve a la \u00f3rbita del Ministerio de Seguridad.<\/p>\n<p>La legisladora puso especial \u00e9nfasis en destacar el gesto de confianza de la oposici\u00f3n: &#8220;La seguridad es una cuesti\u00f3n de Estado y nos tiene que encontrar a todos comprometidos, velando y trabajando para garantizarla al conjunto de santafesinos y santafesinas\u201d, sostuvo, al tiempo que indic\u00f3 que la iniciativa aprobada toma en cuenta a otras presentadas por los senadores Alcides Calvo y Rub\u00e9n Pirola.<\/p>\n<p>\u201cA pesar de las promesas de paz y orden, se perdieron dos a\u00f1os fundamentales en materia de seguridad. Entendemos que el gobierno de Omar Perotti quiere dar vuelta la p\u00e1gina y comenzar un nuevo tiempo en el Ministerio de Seguridad; confiamos en este cambio de actitud y vamos a seguirlo muy de cerca&#8221;, a\u00f1adi\u00f3.<\/p>\n<p>Al respecto, Cattalini especific\u00f3 que \u201cel proyecto aprobado otorga la suma de 3 mil millones de pesos y ser\u00e1 el ministro de Seguridad (Jorge Lagna) quien tendr\u00e1 que presentarse cada seis meses ante la Legislatura para rendir cuentas\u201d. No obstante, advirti\u00f3: \u201cEsta ley no alcanza si no hay un plan de seguridad a largo plazo que sea consensuado entre todos los poderes del Estado que, adem\u00e1s, vaya acompa\u00f1ado de pol\u00edticas sociales para los sectores m\u00e1s vulnerables\u201d.<\/p>\n<p>La diputada remarc\u00f3 que \u201cpese a ser cr\u00edticos del gobierno por no usar los 3.000 millones de pesos que la Naci\u00f3n envi\u00f3 hace m\u00e1s de un a\u00f1o para atender la seguridad y a que, adem\u00e1s, tiene dinero en plazos fijos sin ejecutar, entendemos que es un acto de responsabilidad de nuestra parte construir acuerdos. Desde el socialismo vamos a seguir muy de cerca lo que ocurra con esta Ley de Emergencia; queremos ser parte de la Comisi\u00f3n Bicameral para controlar su aplicaci\u00f3n y llevar respuestas a la ciudadan\u00eda m\u00e1s r\u00e1pidamente\u201d.<\/p>\n<p>La media sanci\u00f3n de esta ley contempla m\u00e1s recursos para adquirir nuevos veh\u00edculos policiales as\u00ed como mejorar la situaci\u00f3n edilicia de los inmuebles destinados a dependencias de las fuerzas de seguridad, adquirir equipamiento y tecnolog\u00eda para fortalecer el sistema de seguridad p\u00fablica as\u00ed como la construcci\u00f3n, refacci\u00f3n y\/o modernizaci\u00f3n de complejos penitenciarios con nuevos sistemas de videovigilancia e inhibidores de celulares. Tambi\u00e9n prev\u00e9 mejoras en el esquema vigente de los suplementos salariales para atender situaciones excepcionales o de riesgo especial, ampliando las partidas necesarias para hacer frente a los recursos presentados por el personal policial y penitenciario.<\/p>\n","protected":false},"excerpt":{"rendered":"<p>La C\u00e1mara de Diputadas y Diputados de Santa Fe dio media sanci\u00f3n este martes al proyecto de ley de la diputada del bloque Socialista Lionella Cattalini sobre \u201cEmergencia en Seguridad P\u00fablica\u201d, iniciativa que otorga al Poder Ejecutivo herramientas administrativas para gestionar con mayor operatividad gestiones tales como la incorporaci\u00f3n de tecnolog\u00eda y m\u00f3viles policiales, y [&hellip;]<\/p>\n","protected":false},"author":3,"featured_media":30602,"comment_status":"closed","ping_status":"closed","sticky":false,"template":"","format":"standard","meta":{"_joinchat":[],"footnotes":""},"categories":[66],"tags":[],"class_list":{"0":"post-30601","1":"post","2":"type-post","3":"status-publish","4":"format-standard","5":"has-post-thumbnail","7":"category-politica"},"_links":{"self":[{"href":"https:\/\/infovera.com.ar\/web\/wp-json\/wp\/v2\/posts\/30601","targetHints":{"allow":["GET"]}}],"collection":[{"href":"https:\/\/infovera.com.ar\/web\/wp-json\/wp\/v2\/posts"}],"about":[{"href":"https:\/\/infovera.com.ar\/web\/wp-json\/wp\/v2\/types\/post"}],"author":[{"embeddable":true,"href":"https:\/\/infovera.com.ar\/web\/wp-json\/wp\/v2\/users\/3"}],"replies":[{"embeddable":true,"href":"https:\/\/infovera.com.ar\/web\/wp-json\/wp\/v2\/comments?post=30601"}],"version-history":[{"count":0,"href":"https:\/\/infovera.com.ar\/web\/wp-json\/wp\/v2\/posts\/30601\/revisions"}],"wp:featuredmedia":[{"embeddable":true,"href":"https:\/\/infovera.com.ar\/web\/wp-json\/wp\/v2\/media\/30602"}],"wp:attachment":[{"href":"https:\/\/infovera.com.ar\/web\/wp-json\/wp\/v2\/media?parent=30601"}],"wp:term":[{"taxonomy":"category","embeddable":true,"href":"https:\/\/infovera.com.ar\/web\/wp-json\/wp\/v2\/categories?post=30601"},{"taxonomy":"post_tag","embeddable":true,"href":"https:\/\/infovera.com.ar\/web\/wp-json\/wp\/v2\/tags?post=30601"}],"curies":[{"name":"wp","href":"https:\/\/api.w.org\/{rel}","templated":true}]}}