{"id":30596,"date":"2021-12-29T18:19:30","date_gmt":"2021-12-29T21:19:30","guid":{"rendered":"https:\/\/infovera.com.ar\/web\/?p=30596"},"modified":"2021-12-29T18:19:30","modified_gmt":"2021-12-29T21:19:30","slug":"pediran-18-anos-de-prision-para-un-hombre-que-cometio-delitos-contra-la-integridad-sexual-de-una-nina-en-la-ciudad-de-tostado","status":"publish","type":"post","link":"https:\/\/infovera.com.ar\/web\/2021\/12\/29\/pediran-18-anos-de-prision-para-un-hombre-que-cometio-delitos-contra-la-integridad-sexual-de-una-nina-en-la-ciudad-de-tostado\/","title":{"rendered":"Pedir\u00e1n 18 a\u00f1os de prisi\u00f3n para un hombre que cometi\u00f3 delitos  contra la integridad sexual de una ni\u00f1a en la ciudad de Tostado"},"content":{"rendered":"<p align=\"center\"><i>As\u00ed lo manifest\u00f3 la fiscal Shirli Tomasso en una audiencia preliminar desarrollada ante el juez Jos\u00e9 Luis Est\u00e9vez. El acusado tiene 21 a\u00f1os, sus iniciales son RCM y al momento de los hechos conviv\u00eda con la v\u00edctima. Los il\u00edcitos ocurrieron en reiteradas oportunidades entre 2018 y 2019.<\/i><\/p>\n<p align=\"left\">La fiscal Shirli Tomasso adelant\u00f3 que solicitar\u00e1 que un<span lang=\"es-AR\">\u00a0<\/span><span lang=\"es-AR\">hombre de 21 a\u00f1os\u00a0<\/span><span lang=\"es-AR\">sea<\/span><span lang=\"es-AR\">\u00a0condenado a 18 a\u00f1os de prisi\u00f3n como autor de delitos contra la integridad sexual de una ni\u00f1a cometidos en la ciudad de Tostado.<\/span><\/p>\n<p align=\"left\"><span lang=\"es-AR\">La funcionaria del MPA inform\u00f3 el requerimiento en una audiencia preliminar realizada en los tribunales tostadenses ante el juez Jos\u00e9 Luis Est\u00e9vez. \u201cEl magistrado admiti\u00f3 la acusaci\u00f3n que realizamos desde la Fiscal\u00eda,\u00a0<\/span><span lang=\"es-AR\">as\u00ed como las pruebas que ofrecimos\u201d, destac\u00f3 Tomasso.<\/span><\/p>\n<p align=\"left\"><b>Abusos<\/b><\/p>\n<p align=\"left\">La fiscal manifest\u00f3 que \u201clos hechos delictivos sucedieron durante alrededor de un a\u00f1o, a partir de una fecha de 2018 que no logr\u00f3 ser determinada\u201d, y precis\u00f3 que \u201cen esa \u00e9poca, la v\u00edctima transitaba los \u00faltimos a\u00f1os de la escuela primaria\u201d.<\/p>\n<p align=\"left\">\u201cAl momento de los il\u00edcitos, el acusado \u2013cuyas iniciales son RCM\u2013 resid\u00eda en la misma vivienda que la ni\u00f1a a la que atac\u00f3\u201d, se\u00f1al\u00f3 Tomasso. \u201cEl hombre ejerci\u00f3 violencia f\u00edsica y psicol\u00f3gica sobre la v\u00edctima y la agredi\u00f3 sexualmente en reiteradas oportunidades\u201d, asegur\u00f3.<\/p>\n<p align=\"left\">\u201cLos abusos ocurrieron en un claro contexto de violencia de g\u00e9nero padecida por la ni\u00f1a\u201d, sostuvo la funcionaria del MPA. \u201cDadas sus caracter\u00edsticas, las conductas delictivas tuvieron entidad suficiente para afectar de forma negativa el libre y progresivo desarrollo sexual de la v\u00edctima\u201d, agreg\u00f3.<\/p>\n<p align=\"left\"><b>Convivencia<\/b><\/p>\n<p align=\"left\">Tomasso indic\u00f3 que \u201cel acusado es investigado como autor de los delitos de abuso sexual con acceso carnal y de promoci\u00f3n a la corrupci\u00f3n de menores, ambos delitos agravados por la convivencia\u201d.<\/p>\n<p align=\"left\"><b>Juicio<\/b><\/p>\n<p align=\"left\">A ra\u00edz de lo resuelto en la audiencia preliminar, el magistrado tendr\u00e1 que dictar el auto de apertura a juicio. Por su parte, la Oficina de Gesti\u00f3n Judicial (OGJ) deber\u00e1 sortear el tribunal que tendr\u00e1 a su cargo el debate oral y determinar una fecha de inicio.<\/p>\n","protected":false},"excerpt":{"rendered":"<p>As\u00ed lo manifest\u00f3 la fiscal Shirli Tomasso en una audiencia preliminar desarrollada ante el juez Jos\u00e9 Luis Est\u00e9vez. El acusado tiene 21 a\u00f1os, sus iniciales son RCM y al momento de los hechos conviv\u00eda con la v\u00edctima. Los il\u00edcitos ocurrieron en reiteradas oportunidades entre 2018 y 2019. La fiscal Shirli Tomasso adelant\u00f3 que solicitar\u00e1 que [&hellip;]<\/p>\n","protected":false},"author":3,"featured_media":16496,"comment_status":"closed","ping_status":"closed","sticky":false,"template":"","format":"standard","meta":{"_joinchat":[],"footnotes":""},"categories":[61],"tags":[],"class_list":{"0":"post-30596","1":"post","2":"type-post","3":"status-publish","4":"format-standard","5":"has-post-thumbnail","7":"category-regionales"},"_links":{"self":[{"href":"https:\/\/infovera.com.ar\/web\/wp-json\/wp\/v2\/posts\/30596","targetHints":{"allow":["GET"]}}],"collection":[{"href":"https:\/\/infovera.com.ar\/web\/wp-json\/wp\/v2\/posts"}],"about":[{"href":"https:\/\/infovera.com.ar\/web\/wp-json\/wp\/v2\/types\/post"}],"author":[{"embeddable":true,"href":"https:\/\/infovera.com.ar\/web\/wp-json\/wp\/v2\/users\/3"}],"replies":[{"embeddable":true,"href":"https:\/\/infovera.com.ar\/web\/wp-json\/wp\/v2\/comments?post=30596"}],"version-history":[{"count":0,"href":"https:\/\/infovera.com.ar\/web\/wp-json\/wp\/v2\/posts\/30596\/revisions"}],"wp:featuredmedia":[{"embeddable":true,"href":"https:\/\/infovera.com.ar\/web\/wp-json\/wp\/v2\/media\/16496"}],"wp:attachment":[{"href":"https:\/\/infovera.com.ar\/web\/wp-json\/wp\/v2\/media?parent=30596"}],"wp:term":[{"taxonomy":"category","embeddable":true,"href":"https:\/\/infovera.com.ar\/web\/wp-json\/wp\/v2\/categories?post=30596"},{"taxonomy":"post_tag","embeddable":true,"href":"https:\/\/infovera.com.ar\/web\/wp-json\/wp\/v2\/tags?post=30596"}],"curies":[{"name":"wp","href":"https:\/\/api.w.org\/{rel}","templated":true}]}}