{"id":30593,"date":"2021-12-29T18:16:33","date_gmt":"2021-12-29T21:16:33","guid":{"rendered":"https:\/\/infovera.com.ar\/web\/?p=30593"},"modified":"2021-12-29T18:16:33","modified_gmt":"2021-12-29T21:16:33","slug":"estado-de-emergencia-ignea-en-todo-el-territorio-nacional","status":"publish","type":"post","link":"https:\/\/infovera.com.ar\/web\/2021\/12\/29\/estado-de-emergencia-ignea-en-todo-el-territorio-nacional\/","title":{"rendered":"Estado de emergencia \u00edgnea en todo el territorio nacional"},"content":{"rendered":"<p>El Gobierno de Santa Fe, a trav\u00e9s del Ministerio de Ambiente y Cambio Clim\u00e1tico, particip\u00f3 de la Asamblea Extraordinaria del COFEMA, que cont\u00f3 con la participaci\u00f3n del Ministerio de Ambiente y Desarrollo Sostenible de la Naci\u00f3n, donde se declar\u00f3 la emergencia \u00edgnea en todo el territorio nacional por 12 meses, en funci\u00f3n del estado de situaci\u00f3n actual de los focos de incendios y al riesgo extremo de que los mismos se sigan expandiendo por las condiciones clim\u00e1ticas.<\/p>\n<p>\u201cLa situaci\u00f3n se est\u00e1 agravando y lo que hemos coordinado entre Naci\u00f3n y todas las jurisdicciones provinciales es articular cada detalle para fortalecer las pol\u00edticas de prevenci\u00f3n y el accionar en los territorios afectados\u201d, cont\u00f3 la ministra Erika Gonnet.<\/p>\n<p>Y continu\u00f3: \u201cEs un escenario complejo y estamos atravesando una instancia de sequ\u00edas, los profesionales que nos asesoran nos informan que no se prev\u00e9n precipitaciones intensas, por lo menos, hasta mediados de enero\u201d. \u201cSin dudas la situaci\u00f3n se da como consecuencia del cambio clim\u00e1tico y por eso se replica en todo el pa\u00eds y en varios puntos de nuestra provincia, y a su vez, en algunos casos, por acciones antr\u00f3picas por imprudencia o negligencia; y es por eso que debemos ser muy prudentes en nuestro accionar en zona de islas principalmente\u201d, resalt\u00f3 Gonnet.<\/p>\n<p>La provincia de Santa Fe a lo largo de este a\u00f1o incorpor\u00f3 una Brigada de Atenci\u00f3n y Prevenci\u00f3n de Emergencias, que fue capacitada por personal del Servicio Nacional del Manejo del Fuego en conjunto con el Ministerio de Ambiente y Cambio Clim\u00e1tico y la Secretar\u00eda de Protecci\u00f3n Civil. Adem\u00e1s,integrantes de la Guardia Rural Los Pumas y de Bomberos participaron de la formaci\u00f3n que se realiz\u00f3 en la localidad de Puerto General San Mart\u00edn.<\/p>\n<p>Sumado a esto, el Gobierno de Santa Fe viene realizando un rastrillaje permanente de prevenci\u00f3n sobre las islas de jurisdicci\u00f3n santafesina y entrerriana, desde Puerto General San Mart\u00edn hasta Villa Constituci\u00f3n en una extensi\u00f3n de 80 kil\u00f3metros de costa, y a su vez un operativo de similares caracter\u00edsticas en la ciudad de Santa Fe y \u00e1rea metropolitana, coordinado entre el Ministerio de Ambiente y Cambio Clim\u00e1tico y la Guardia Rural Los Pumas del Ministerio de Seguridad.<\/p>\n<p>\u201cDesde su puesta en funcionamiento hemos relevado una baja considerable en las \u00e1reas quemadas y los focos en relaci\u00f3n a las mismas fechas del a\u00f1o 2020\u201d, indic\u00f3 Gonnet. No obstante, aclar\u00f3 que \u201ces un contexto en el que al haber material combustible y escasez de lluvias los recursos no dan a basto y es por eso que estamos trabajando de manera coordinada con el Ministerio de Ambiente y Desarrollo Sostenible de la Naci\u00f3n en materia de prevenci\u00f3n y en operativos de contenci\u00f3n\u201d.<\/p>\n<p><strong>Situaci\u00f3n provincial\u00a0<\/strong><br \/>\nEn la provincia de Santa Fe, en el d\u00eda de ayer martes 28, se registraron 415 focos de calor seg\u00fan la detecci\u00f3n satelital aportada por la NASA a trav\u00e9s del sistema FIRMS. \u201cSe trata de focos de calor, no quiere decir que todos sean incendios sino que son sectores en situaci\u00f3n de alarma\u201d, aclar\u00f3 Gonnet. Y destac\u00f3 que \u201cdesde el viernes 24 se est\u00e1 trabajando en distintas regiones, en la zona de la capital provincial y el \u00e1rea metropolitana se trabaja desde el fin de semana con 18 dotaciones de bomberos\u201d.<\/p>\n<p>Respecto a la zona de Rosario, la ministra explic\u00f3 que \u201cel foco m\u00e1s grande se encuentra dentro de la zona del PIECAS, en el Delta del r\u00edo Paran\u00e1, en jurisdicci\u00f3n de la provincia de Entre R\u00edos\u201d. \u201cAll\u00ed se han afectado ya m\u00e1s de 1600 hect\u00e1reas en los \u00faltimos 5 d\u00edas lo que trae de la mano la p\u00e9rdida debiodiversidad y afecta, sin dudas, a toda la flora y fauna de la zona\u201d, continu\u00f3 Gonnet. Sumado a esto, se desataron peque\u00f1os focos, en territorio santafesino, en la Isla Sabino Corsi.<\/p>\n<p>Es importante destacar que en esta zona mencionada, en un trabajo conjunto entre el Gobierno Nacional y las provincias de Santa Fe y Entre R\u00edos, se est\u00e1 trabajando con brigadistas de ambas jurisdicciones y con un helic\u00f3ptero con helibalde a fin de contener la expansi\u00f3n de los focos \u00edgneos.<\/p>\n<p>Por \u00faltimo, la ministra de Ambiente y Cambio Clim\u00e1tico solicit\u00f3 a la poblaci\u00f3n \u201cextremar los cuidados\u201d y resalt\u00f3: \u201cEstamos ante situaciones adversas desde lo clim\u00e1tico y es momento de ser muy prudentes con el fuego en zona de islas y evitar dejar residuos que puedan iniciar un foco de incendio\u201d.<\/p>\n","protected":false},"excerpt":{"rendered":"<p>El Gobierno de Santa Fe, a trav\u00e9s del Ministerio de Ambiente y Cambio Clim\u00e1tico, particip\u00f3 de la Asamblea Extraordinaria del COFEMA, que cont\u00f3 con la participaci\u00f3n del Ministerio de Ambiente y Desarrollo Sostenible de la Naci\u00f3n, donde se declar\u00f3 la emergencia \u00edgnea en todo el territorio nacional por 12 meses, en funci\u00f3n del estado de [&hellip;]<\/p>\n","protected":false},"author":3,"featured_media":30594,"comment_status":"closed","ping_status":"closed","sticky":false,"template":"","format":"standard","meta":{"_joinchat":[],"footnotes":""},"categories":[60],"tags":[],"class_list":{"0":"post-30593","1":"post","2":"type-post","3":"status-publish","4":"format-standard","5":"has-post-thumbnail","7":"category-provinciales"},"_links":{"self":[{"href":"https:\/\/infovera.com.ar\/web\/wp-json\/wp\/v2\/posts\/30593","targetHints":{"allow":["GET"]}}],"collection":[{"href":"https:\/\/infovera.com.ar\/web\/wp-json\/wp\/v2\/posts"}],"about":[{"href":"https:\/\/infovera.com.ar\/web\/wp-json\/wp\/v2\/types\/post"}],"author":[{"embeddable":true,"href":"https:\/\/infovera.com.ar\/web\/wp-json\/wp\/v2\/users\/3"}],"replies":[{"embeddable":true,"href":"https:\/\/infovera.com.ar\/web\/wp-json\/wp\/v2\/comments?post=30593"}],"version-history":[{"count":0,"href":"https:\/\/infovera.com.ar\/web\/wp-json\/wp\/v2\/posts\/30593\/revisions"}],"wp:featuredmedia":[{"embeddable":true,"href":"https:\/\/infovera.com.ar\/web\/wp-json\/wp\/v2\/media\/30594"}],"wp:attachment":[{"href":"https:\/\/infovera.com.ar\/web\/wp-json\/wp\/v2\/media?parent=30593"}],"wp:term":[{"taxonomy":"category","embeddable":true,"href":"https:\/\/infovera.com.ar\/web\/wp-json\/wp\/v2\/categories?post=30593"},{"taxonomy":"post_tag","embeddable":true,"href":"https:\/\/infovera.com.ar\/web\/wp-json\/wp\/v2\/tags?post=30593"}],"curies":[{"name":"wp","href":"https:\/\/api.w.org\/{rel}","templated":true}]}}