{"id":30583,"date":"2021-12-29T14:46:58","date_gmt":"2021-12-29T17:46:58","guid":{"rendered":"https:\/\/infovera.com.ar\/web\/?p=30583"},"modified":"2021-12-29T14:46:58","modified_gmt":"2021-12-29T17:46:58","slug":"visita-a-luminares","status":"publish","type":"post","link":"https:\/\/infovera.com.ar\/web\/2021\/12\/29\/visita-a-luminares\/","title":{"rendered":"Visita a Luminares"},"content":{"rendered":"<p><strong>El Equipo de Centros de D\u00eda de la provincia visit\u00f3 a \u201cLuminares\u201d, el centro de d\u00eda que la Fundaci\u00f3n Lumimares lleva adelante en la ciudad de Calchaqu\u00ed, departamento Vera.<\/strong><\/p>\n<p>En su mayor\u00eda, las ni\u00f1as y ni\u00f1os que concurren al centro de d\u00eda reciben en este lugar el est\u00edmulo, el afecto y la posibilidad de construcci\u00f3n de un proyecto de vida esperanzador, acompa\u00f1ando sus procesos educativos, familiares y relacionales en la segunda infancia.<\/p>\n<p>Las siguientes son algunas de las actividades que desarrollan:<\/p>\n<p>TALLER DE EXPRESI\u00d3N ART\u00cdSTICA<br \/>\nTALLER DE M\u00daSICA<br \/>\nTALLER DE CRIANZA Y FORTALECIMIENTO FLIAR<br \/>\nMICRO RADIAL DE NI\u00d1OS Y ADOLESCENTES<br \/>\nACONDICIONAMIENTO DEL ESPACIO F\u00cdSICO<\/p>\n<p>Adem\u00e1s, se realiz\u00f3 la actividad campamentil de adolescentes, los d\u00edas 4 y 5 de diciembre en laguna el Cristal, donde se desarrollaron juegos cooperativos y recreativos, talleres de Primeros auxilios y Valores para la vida, Fogata de la amistad, con mucho entusiasmo y alegr\u00eda por parte de los 50 adolescentes y el equipo que acompa\u00f1\u00f3.<\/p>\n<p>Otra actividad destacada fue la TRAVESIA EN BICI DEL CLUB DE TEENS, que se llev\u00f3 a cabo el 20 de noviembre con motivo del d\u00eda Universal de la Infancia.<\/p>\n<p>Es una de las organizaciones que forma parte del Programa de Fortalecimiento a Centros de D\u00eda, asociaciones barriales y ONGs que trabajan d\u00eda a d\u00eda con ni\u00f1as, ni\u00f1os y adolescentes de la Secretar\u00eda de los Derechos de la Ni\u00f1ez, Adolescencia y Familia de Santa Fe.<\/p>\n","protected":false},"excerpt":{"rendered":"<p>El Equipo de Centros de D\u00eda de la provincia visit\u00f3 a \u201cLuminares\u201d, el centro de d\u00eda que la Fundaci\u00f3n Lumimares lleva adelante en la ciudad de Calchaqu\u00ed, departamento Vera. En su mayor\u00eda, las ni\u00f1as y ni\u00f1os que concurren al centro de d\u00eda reciben en este lugar el est\u00edmulo, el afecto y la posibilidad de construcci\u00f3n [&hellip;]<\/p>\n","protected":false},"author":3,"featured_media":30584,"comment_status":"closed","ping_status":"closed","sticky":false,"template":"","format":"standard","meta":{"_joinchat":[],"footnotes":""},"categories":[52],"tags":[],"class_list":{"0":"post-30583","1":"post","2":"type-post","3":"status-publish","4":"format-standard","5":"has-post-thumbnail","7":"category-calchaqui"},"_links":{"self":[{"href":"https:\/\/infovera.com.ar\/web\/wp-json\/wp\/v2\/posts\/30583","targetHints":{"allow":["GET"]}}],"collection":[{"href":"https:\/\/infovera.com.ar\/web\/wp-json\/wp\/v2\/posts"}],"about":[{"href":"https:\/\/infovera.com.ar\/web\/wp-json\/wp\/v2\/types\/post"}],"author":[{"embeddable":true,"href":"https:\/\/infovera.com.ar\/web\/wp-json\/wp\/v2\/users\/3"}],"replies":[{"embeddable":true,"href":"https:\/\/infovera.com.ar\/web\/wp-json\/wp\/v2\/comments?post=30583"}],"version-history":[{"count":0,"href":"https:\/\/infovera.com.ar\/web\/wp-json\/wp\/v2\/posts\/30583\/revisions"}],"wp:featuredmedia":[{"embeddable":true,"href":"https:\/\/infovera.com.ar\/web\/wp-json\/wp\/v2\/media\/30584"}],"wp:attachment":[{"href":"https:\/\/infovera.com.ar\/web\/wp-json\/wp\/v2\/media?parent=30583"}],"wp:term":[{"taxonomy":"category","embeddable":true,"href":"https:\/\/infovera.com.ar\/web\/wp-json\/wp\/v2\/categories?post=30583"},{"taxonomy":"post_tag","embeddable":true,"href":"https:\/\/infovera.com.ar\/web\/wp-json\/wp\/v2\/tags?post=30583"}],"curies":[{"name":"wp","href":"https:\/\/api.w.org\/{rel}","templated":true}]}}