{"id":30563,"date":"2021-12-29T13:31:21","date_gmt":"2021-12-29T16:31:21","guid":{"rendered":"https:\/\/infovera.com.ar\/web\/?p=30563"},"modified":"2022-01-03T07:59:11","modified_gmt":"2022-01-03T10:59:11","slug":"el-concejo-se-hizo-eco-de-la-crisis-generada-por-los-incendios-en-la-cava-municipal","status":"publish","type":"post","link":"https:\/\/infovera.com.ar\/web\/2021\/12\/29\/el-concejo-se-hizo-eco-de-la-crisis-generada-por-los-incendios-en-la-cava-municipal\/","title":{"rendered":"El Concejo se hizo eco de la crisis generada por los incendios en la cava municipal"},"content":{"rendered":"<p><strong>Luego de un mes, el basurero municipal sigue ardiendo sin soluci\u00f3n de continuidad.<\/strong><\/p>\n<p>El caso fue tratado anoche por el Concejo verense en base a una inquietud planteada por los bloques de la UCR y de Sumemos Esfuerzos.<\/p>\n<p>El Interbloque solicit\u00f3 al Ejecutivo &#8220;abordar y poner fin a la emanaci\u00f3n de humos t\u00f3xicos producto de la quema de basura en la cava municipal y que pone en riesgo la salud de la poblaci\u00f3n&#8221;, problem\u00e1tica que se vio agravada desde el 24 de diciembre cuando la ciudad se vio invadida por una nube de humo (y tierra).<\/p>\n<p>&#8220;Es ilegal y constituye un delito legal utilizar la incineraci\u00f3n para dar soluci\u00f3n al tratamiento de los residuos&#8221;, asentaron los ediles, y reclamaron que desde el \u00e1rea correspondiente se informe qu\u00e9 motiv\u00f3 esta situaci\u00f3n que padece la ciudad y se ejecuten acciones para poner fin a la crisis. El pedido fue aprobado por unanimidad.<\/p>\n<p>El primero en tomar la palabra fue el concejal Facundo Ferraris. &#8220;La situaci\u00f3n ha sido muy especial el 24 de diciembre, nos hemos visto inundados de humo. El malestar de la gente no se hizo esperar, en mi caso particular he sido cuestionado por algunos vecinos que transmitieron su descontento. Si bien es dif\u00edcil apagar el fuego, lo que pido es no llegar a esta situaci\u00f3n de fuego descontrolado&#8221;, sostuvo.<\/p>\n<p>El mimbro de la bancada radical hizo constar que &#8220;la cava lleva un mes ardiendo&#8221; para acto seguido cargar contra el gobierno provincial: &#8220;No me olvido de la (falta de) respuesta del gobierno provincial para atenuar esta situaci\u00f3n, porque lo ha hecho en otras ciudades donde s\u00ed ha desembolsillado un mont\u00f3n de recursos para solucionar estas situaciones&#8221;.<\/p>\n<p>En el mismo tono pidi\u00f3 &#8220;no desligar de las responsabilidades al municipio porque son los primeros que tienen que controlar las condiciones medioambientales de la ciudad y por eso quedan obligados a hacer todo lo que puedan en materia de gesti\u00f3n para solucionar esto&#8221;, aunque no dej\u00f3 de centrar su cr\u00edtica en el gobierno de Omar Perotti: &#8220;Por lo que pude mirar, de los 170 millones de pesos que ponen en Calchaqu\u00ed para construir la Terminal podr\u00edan poner la misma plata para la separaci\u00f3n de residuos (en Vera); tambi\u00e9n hay que decirle a la gente cuales son las prioridades del gobierno provincial&#8221;.<\/p>\n<p>&#8220;No tenemos la capacidad, desde nuestra funci\u00f3n, de darle una soluci\u00f3n material, eso le corresponde al Ejecutivo&#8221;, dijo por su parte el edil Javier Barbona, que enseguida relat\u00f3 un encuentro con Emilio P\u00e9rsico, del Ministerio de Desarrollo Social de la Naci\u00f3n, en el cual el funcionario revel\u00f3 que no era intenci\u00f3n del nivel central del gobierno continuar con los consorcios GIRSU (Gesti\u00f3n Integral de Residuos S\u00f3lidos Urbanos) porque no hab\u00edan dado resultados. Atento a esta cuesti\u00f3n que trajo a colaci\u00f3n, Barbona inst\u00f3 a &#8220;pensar en otras estrategias&#8221; para el tratamiento de la basura.<\/p>\n<p>&#8220;Es un tema que no preocupa y nos ocupa. Esperamos que se pueda resolver lo m\u00e1s r\u00e1pidamente posible para evitar m\u00e1s da\u00f1os&#8221;, expres\u00f3.<\/p>\n<p>A su turno, el concejal oficialista Marcos Rubianes dijo que por el momento &#8220;vamos a tener que seguir soportando&#8221; esta realidad a la que calific\u00f3 como &#8220;hecho esp\u00f3radico&#8221;, y acot\u00f3 que &#8220;si no es por la lluvia, no se va a apagar&#8221; el fuego en la cava.<\/p>\n","protected":false},"excerpt":{"rendered":"<p>Luego de un mes, el basurero municipal sigue ardiendo sin soluci\u00f3n de continuidad. El caso fue tratado anoche por el Concejo verense en base a una inquietud planteada por los bloques de la UCR y de Sumemos Esfuerzos. El Interbloque solicit\u00f3 al Ejecutivo &#8220;abordar y poner fin a la emanaci\u00f3n de humos t\u00f3xicos producto de [&hellip;]<\/p>\n","protected":false},"author":3,"featured_media":30564,"comment_status":"closed","ping_status":"closed","sticky":false,"template":"","format":"standard","meta":{"_joinchat":[],"footnotes":""},"categories":[53],"tags":[],"class_list":{"0":"post-30563","1":"post","2":"type-post","3":"status-publish","4":"format-standard","5":"has-post-thumbnail","7":"category-vera"},"_links":{"self":[{"href":"https:\/\/infovera.com.ar\/web\/wp-json\/wp\/v2\/posts\/30563","targetHints":{"allow":["GET"]}}],"collection":[{"href":"https:\/\/infovera.com.ar\/web\/wp-json\/wp\/v2\/posts"}],"about":[{"href":"https:\/\/infovera.com.ar\/web\/wp-json\/wp\/v2\/types\/post"}],"author":[{"embeddable":true,"href":"https:\/\/infovera.com.ar\/web\/wp-json\/wp\/v2\/users\/3"}],"replies":[{"embeddable":true,"href":"https:\/\/infovera.com.ar\/web\/wp-json\/wp\/v2\/comments?post=30563"}],"version-history":[{"count":0,"href":"https:\/\/infovera.com.ar\/web\/wp-json\/wp\/v2\/posts\/30563\/revisions"}],"wp:featuredmedia":[{"embeddable":true,"href":"https:\/\/infovera.com.ar\/web\/wp-json\/wp\/v2\/media\/30564"}],"wp:attachment":[{"href":"https:\/\/infovera.com.ar\/web\/wp-json\/wp\/v2\/media?parent=30563"}],"wp:term":[{"taxonomy":"category","embeddable":true,"href":"https:\/\/infovera.com.ar\/web\/wp-json\/wp\/v2\/categories?post=30563"},{"taxonomy":"post_tag","embeddable":true,"href":"https:\/\/infovera.com.ar\/web\/wp-json\/wp\/v2\/tags?post=30563"}],"curies":[{"name":"wp","href":"https:\/\/api.w.org\/{rel}","templated":true}]}}