{"id":30546,"date":"2021-12-28T17:49:43","date_gmt":"2021-12-28T20:49:43","guid":{"rendered":"https:\/\/infovera.com.ar\/web\/?p=30546"},"modified":"2021-12-28T17:49:43","modified_gmt":"2021-12-28T20:49:43","slug":"la-provincia-presento-el-programa-de-los-1-000-dias","status":"publish","type":"post","link":"https:\/\/infovera.com.ar\/web\/2021\/12\/28\/la-provincia-presento-el-programa-de-los-1-000-dias\/","title":{"rendered":"La provincia present\u00f3 el programa de los 1.000 d\u00edas"},"content":{"rendered":"<p>La ministra de Salud provincial, Sonia Martorano, present\u00f3 esta ma\u00f1ana, junto a la ministra de Igualdad, G\u00e9nero y Diversidad, Florencia Marinaro, el programa de los 1.000 d\u00edas que tambi\u00e9n contar\u00e1 con la participaci\u00f3n de las carteras de Educaci\u00f3n y Desarrollo Social.<\/p>\n<p>Este plan se enmarca en la vigencia de la ley Nacional de Atenci\u00f3n y Cuidado Integral de la Salud durante el Embarazo y la Primera Infancia, con el objetivo de profundizar las acciones tendientes a garantizar la salud y el cuidado integral.<\/p>\n<p>\u201cLos 1000 d\u00edas -se\u00f1al\u00f3 Martorano- implica trabajar en cuidar a ese ser en formaci\u00f3n desde el embarazo, el cuidado de su madre a estos mil d\u00edas que es cuando sabemos que se produce el desarrollo cerebral, la personalidad, el cuidado de su entorno social, f\u00edsico, emocional. Trabajamos para que cada ni\u00f1o o ni\u00f1a pueda desarrollar todo su potencial gen\u00e9tico independientemente del lugar o de las condiciones en las que haya nacido\u201d.<\/p>\n<p>El desarrollo de este plan est\u00e1 articulado con los Ministerios de Igualdad, G\u00e9nero y Diversidad, el de Desarrollo Social, Educaci\u00f3n y Salud. Asimismo se ir\u00e1n integrando otros ministerios porque la mirada es trasversal, tiene que atravesar esos 2 a\u00f1os y continuar en el per\u00edodo de desarrollo de cada ni\u00f1o y ni\u00f1a de esta provincia\u201d, continu\u00f3.<\/p>\n<p>Desarrollando mas en profundidad, la titular de la cartera sanitaria destac\u00f3 que \u201cse trabajar\u00e1 en la nutrici\u00f3n de la mam\u00e1, en los controles, la detecci\u00f3n precoz de enfermedades cong\u00e9nitas como las cardiopat\u00edas (donde se incluye el programa de cardiopat\u00edas cong\u00e9nitas). A partir del nacimiento, la entrega de leche, el cuidado del sue\u00f1o seguro, se va a acompa\u00f1ar y a conocer del habitad de la familia y en la estimulaci\u00f3n del desarrollo que comprende al entorno social, manejo de violencias\u201d.<\/p>\n<p>Por su parte, la ministra de Diversidad, G\u00e9nero e Igualdad, Florencia Marinaro, mencion\u00f3 que \u201cel lanzamiento de la ley de 1000 d\u00edas, la aplicaci\u00f3n en la provincia de Santa Fe a trav\u00e9s de la mesa interministerial, significa otorgar a este plan integral la perspectiva de g\u00e9nero y diversidad sexual que la ley exige y tiene como principio normativo\u201d.<\/p>\n<p>\u201cAsimismo se incluyen los cuidados que tiene el Ministerio de Igualdad, G\u00e9nero y Diversidad y en el que ya se est\u00e1 trabajando con el Ministerio de Salud en gu\u00edas de primera infancia, tareas de cuidados democr\u00e1ticas dentro de los hogares, tanto para madres como padres, cuidar en igualdad\u201d, concluy\u00f3.<\/p>\n<p><strong>SITUACI\u00d3N SANITARIA<\/strong><br \/>\nAl ser consultada por la situaci\u00f3n que atraviesa la provincia con relaci\u00f3n al covid-19, Martorano detall\u00f3 que \u201cel gobernador Omar Perotti convoc\u00f3 a una reuni\u00f3n con expertos para trabajar la situaci\u00f3n epidemiol\u00f3gica actual y entre otros temas analizar los cambios de d\u00edas para las personas que transitan la enfermedad. Sin embargo alta el momento se contin\u00faa con los protocolos actuales\u201d.<\/p>\n<p>\u201cEn principio en lo que refiere al tr\u00e1nsito interprovincial es libre. Sabemos es que tenemos un aumento de casos muy importantes (sobre todo C\u00f3rdoba y Buenos Aires). Estamos entrando en la \u00e9poca estival de vacaciones y son justamente las dos provincias donde mayoritariamente viajan los santafesinos. De hecho est\u00e1n llegando colectivos donde ya nos avisan que hay un determinado n\u00famero de casos positivos e inmediatamente se procede al aislamiento de los mismos\u201d agreg\u00f3.<\/p>\n<p>En ese sentido, la ministra de Salud recomend\u00f3 \u201cturismo de cercan\u00eda, y si vamos a otras provincias mantengamos los cuidados pertinentes porque claramente hay una alta circulaci\u00f3n del virus y los s\u00edntomas son leves, similar a un resfr\u00edo (dolor de garganta, cuadro respiratorio alto y a fiebre)\u201d.<\/p>\n<p>En cuanto a la situaci\u00f3n del territorio santafesino, Martorano inform\u00f3 que \u201cla situaci\u00f3n est\u00e1 bastante controlada, tenemos una tasa del 13% de positividad, pero los informes que tenemos duplican ese porcentaje. Tambi\u00e9n tenemos muchos mas diagn\u00f3sticos y aislamientos, eso es bueno pero igualmente tenemos que seguir cuid\u00e1ndonos\u201d.<\/p>\n<p>\u201cHay una ocupaci\u00f3n de camas del 55% en el territorio santafesino y el porcentaje de covid ah\u00ed es muy bajo. En toda la provincia hay 13 pacientes en terapia y 15 en sala general con esta enfermedad, el resto son otras patolog\u00edas. Y estos n\u00fameros tiene que ver claramente con la vacunaci\u00f3n\u201d, mencion\u00f3.<\/p>\n<p><strong>TERCERAS DOSIS Y VACUNA DE REFUERZO<\/strong><br \/>\nEn cuanto a la aplicaci\u00f3n de terceras dosis y dosis de refuerzos, la titular de la cartera sanitaria indic\u00f3 que \u201ctenemos m\u00e1s de 400 mil dosis ya colocadas y muchos turnos dados en estos d\u00edas porque venimos con un per\u00edodo que tiene que ver con la segunda dosis que son 5 meses. Desde ayer este tiempo se acort\u00f3 a 4 meses para mayores de 60 a\u00f1os y para el personal de salud. Por el momento se avanzar\u00e1 en esa poblaci\u00f3n ya que son los que est\u00e1n en la primera l\u00ednea y los mayores porque tiene m\u00e1s vulnerabilidad\u201d.<\/p>\n<p>\u201cRecordemos que el barbijo sigue vigente, incluso al aire libre, es el momento de continuar con los cuidados, y ante cualquier s\u00edntoma pedimos que se comuniquen con el 0800, su m\u00e9dico de cabecera y se realice el hisopado\u201d, concluy\u00f3 la ministra de Salud.<\/p>\n","protected":false},"excerpt":{"rendered":"<p>La ministra de Salud provincial, Sonia Martorano, present\u00f3 esta ma\u00f1ana, junto a la ministra de Igualdad, G\u00e9nero y Diversidad, Florencia Marinaro, el programa de los 1.000 d\u00edas que tambi\u00e9n contar\u00e1 con la participaci\u00f3n de las carteras de Educaci\u00f3n y Desarrollo Social. Este plan se enmarca en la vigencia de la ley Nacional de Atenci\u00f3n y [&hellip;]<\/p>\n","protected":false},"author":3,"featured_media":30547,"comment_status":"closed","ping_status":"closed","sticky":false,"template":"","format":"standard","meta":{"_joinchat":[],"footnotes":""},"categories":[60],"tags":[],"class_list":{"0":"post-30546","1":"post","2":"type-post","3":"status-publish","4":"format-standard","5":"has-post-thumbnail","7":"category-provinciales"},"_links":{"self":[{"href":"https:\/\/infovera.com.ar\/web\/wp-json\/wp\/v2\/posts\/30546","targetHints":{"allow":["GET"]}}],"collection":[{"href":"https:\/\/infovera.com.ar\/web\/wp-json\/wp\/v2\/posts"}],"about":[{"href":"https:\/\/infovera.com.ar\/web\/wp-json\/wp\/v2\/types\/post"}],"author":[{"embeddable":true,"href":"https:\/\/infovera.com.ar\/web\/wp-json\/wp\/v2\/users\/3"}],"replies":[{"embeddable":true,"href":"https:\/\/infovera.com.ar\/web\/wp-json\/wp\/v2\/comments?post=30546"}],"version-history":[{"count":0,"href":"https:\/\/infovera.com.ar\/web\/wp-json\/wp\/v2\/posts\/30546\/revisions"}],"wp:featuredmedia":[{"embeddable":true,"href":"https:\/\/infovera.com.ar\/web\/wp-json\/wp\/v2\/media\/30547"}],"wp:attachment":[{"href":"https:\/\/infovera.com.ar\/web\/wp-json\/wp\/v2\/media?parent=30546"}],"wp:term":[{"taxonomy":"category","embeddable":true,"href":"https:\/\/infovera.com.ar\/web\/wp-json\/wp\/v2\/categories?post=30546"},{"taxonomy":"post_tag","embeddable":true,"href":"https:\/\/infovera.com.ar\/web\/wp-json\/wp\/v2\/tags?post=30546"}],"curies":[{"name":"wp","href":"https:\/\/api.w.org\/{rel}","templated":true}]}}