{"id":30539,"date":"2021-12-28T13:11:41","date_gmt":"2021-12-28T16:11:41","guid":{"rendered":"https:\/\/infovera.com.ar\/web\/?p=30539"},"modified":"2021-12-29T14:03:29","modified_gmt":"2021-12-29T17:03:29","slug":"covid-19-un-velorio-fue-el-origen-del-foco-de-contagios-en-la-gallareta","status":"publish","type":"post","link":"https:\/\/infovera.com.ar\/web\/2021\/12\/28\/covid-19-un-velorio-fue-el-origen-del-foco-de-contagios-en-la-gallareta\/","title":{"rendered":"Covid 19: un velorio fue el origen del rebrote de contagios en La Gallareta"},"content":{"rendered":"<p><strong>El coronavirus se hace presente nuevamente en localidades de la zona despu\u00e9s de semanas sin contagios.<\/strong><\/p>\n<p>En las \u00faltimas horas se detectaron 6 casos nuevos en La Gallareta: 2 positivos por test r\u00e1pido, 2 contactos estrechos sintom\u00e1ticos en el domicilio, que ante la negativa a hisoparse podr\u00edan ser hisopados esta tarde si es necesario mediante el uso de la fuerza policial, y otras 2 casos m\u00e1s<\/p>\n<p>Por el momento, esa la situaci\u00f3n en la localidad del suroeste departamental. Pudo saberse que son todos miembros de una misma familia que estuvo en un velorio dos fines de semana atr\u00e1s, y ese lugar hubo gente de Rosario y, sobre todo, de C\u00f3rdoba.<\/p>\n<p>Dos de los contagiados presenten s\u00edntomas febriles, dos con resfr\u00edo y catarro, y los dos restantes est\u00e1n con resfr\u00edo y tos seca, precisaron fuentes seguras a <strong>InfoVera<\/strong>.<\/p>\n<p>A su vez, las autoridades sanitarias dieron cuenta que en Calchaqu\u00ed 2 personas provenientes de Rosario dieron positivo. Fueron regresados a su ciudad de origen y, preventivamente, se aislaron los contactos estrechos.<\/p>\n<p>La ciudad fue la primera en detectar el rebrote de casos cuando 8 estudiantes que estuvieron en Bariloche dieron positivo al volver a la localidad. Desde el domingo est\u00e1n de alta m\u00e9dica y transcurrieron la enfermedad sin complicaciones.<\/p>\n<p>Por \u00faltimo, este lunes se confirm\u00f3 un nuevo caso positivo en la ciudad de Vera.<\/p>\n","protected":false},"excerpt":{"rendered":"<p>El coronavirus se hace presente nuevamente en localidades de la zona despu\u00e9s de semanas sin contagios. En las \u00faltimas horas se detectaron 6 casos nuevos en La Gallareta: 2 positivos por test r\u00e1pido, 2 contactos estrechos sintom\u00e1ticos en el domicilio, que ante la negativa a hisoparse podr\u00edan ser hisopados esta tarde si es necesario mediante [&hellip;]<\/p>\n","protected":false},"author":3,"featured_media":0,"comment_status":"closed","ping_status":"closed","sticky":false,"template":"","format":"standard","meta":{"_joinchat":[],"footnotes":""},"categories":[51],"tags":[],"class_list":{"0":"post-30539","1":"post","2":"type-post","3":"status-publish","4":"format-standard","6":"category-locales"},"_links":{"self":[{"href":"https:\/\/infovera.com.ar\/web\/wp-json\/wp\/v2\/posts\/30539","targetHints":{"allow":["GET"]}}],"collection":[{"href":"https:\/\/infovera.com.ar\/web\/wp-json\/wp\/v2\/posts"}],"about":[{"href":"https:\/\/infovera.com.ar\/web\/wp-json\/wp\/v2\/types\/post"}],"author":[{"embeddable":true,"href":"https:\/\/infovera.com.ar\/web\/wp-json\/wp\/v2\/users\/3"}],"replies":[{"embeddable":true,"href":"https:\/\/infovera.com.ar\/web\/wp-json\/wp\/v2\/comments?post=30539"}],"version-history":[{"count":0,"href":"https:\/\/infovera.com.ar\/web\/wp-json\/wp\/v2\/posts\/30539\/revisions"}],"wp:attachment":[{"href":"https:\/\/infovera.com.ar\/web\/wp-json\/wp\/v2\/media?parent=30539"}],"wp:term":[{"taxonomy":"category","embeddable":true,"href":"https:\/\/infovera.com.ar\/web\/wp-json\/wp\/v2\/categories?post=30539"},{"taxonomy":"post_tag","embeddable":true,"href":"https:\/\/infovera.com.ar\/web\/wp-json\/wp\/v2\/tags?post=30539"}],"curies":[{"name":"wp","href":"https:\/\/api.w.org\/{rel}","templated":true}]}}