{"id":30526,"date":"2021-12-27T17:11:11","date_gmt":"2021-12-27T20:11:11","guid":{"rendered":"https:\/\/infovera.com.ar\/web\/?p=30526"},"modified":"2021-12-27T17:11:11","modified_gmt":"2021-12-27T20:11:11","slug":"santa-fe-suscribira-un-nuevo-consenso-fiscal-pero-no-aumentara-impuestos","status":"publish","type":"post","link":"https:\/\/infovera.com.ar\/web\/2021\/12\/27\/santa-fe-suscribira-un-nuevo-consenso-fiscal-pero-no-aumentara-impuestos\/","title":{"rendered":"Santa Fe suscribir\u00e1 un nuevo Consenso Fiscal pero no aumentar\u00e1 impuestos"},"content":{"rendered":"<p>El gobierno de la provincia de Santa Fe, a trav\u00e9s del Ministerio de Econom\u00eda, inform\u00f3 que este lunes 27, el gobernador Omar Perotti suscribir\u00e1 el Consenso Fiscal 2021, pero que no se aumentar\u00e1n impuestos.<\/p>\n<p>&nbsp;<\/p>\n<p>En ese marco, desde el jueves pasado se intensificaron los contactos entre el gobierno nacional y los gobernadores para dar forma a la versi\u00f3n final. As\u00ed, Santa Fe firmar\u00e1 el consenso, pero no aumentar\u00e1 impuestos ni crear\u00e1 nuevos.<\/p>\n<p>&nbsp;<\/p>\n<p>Si bien la nueva norma contempla que las provincias pueden analizar la implementaci\u00f3n de un impuesto a la herencia, desde el Ministerio de Econom\u00eda sostuvieron que \u201cla Provincia no crear\u00e1 ni el impuesto a la herencia ni ning\u00fan otro y mantendr\u00e1 la estructura impositiva vigente, sin aumentos, en el marco de la estabilidad tributaria que rige actualmente y se propone extender para el pr\u00f3ximo a\u00f1o\u201d.<\/p>\n<p>&nbsp;<\/p>\n<p>La nueva estructura de al\u00edcuotas m\u00e1ximas en el impuesto a los ingresos Brutos que el proyecto de consenso plantea, son iguales a las vigentes en la actualidad, a excepci\u00f3n de la intermediaci\u00f3n y los servicios financieros para los que se propone un aumento. Adem\u00e1s, se mantendr\u00e1n desgravados los ingresos provenientes de las actividades de exportaci\u00f3n de bienes (excepto los vinculados con actividades mineras o hidrocarbur\u00edferas y sus servicios complementarios) y los ingresos provenientes de prestaciones de servicios cuya utilizaci\u00f3n o explotaci\u00f3n efectiva se lleve a cabo en el exterior del pa\u00eds.<\/p>\n<p>&nbsp;<\/p>\n<p>Por su parte, el nuevo consenso fiscal tambi\u00e9n propone normas vinculadas al crecimiento del gasto p\u00fablico, pautas para una pol\u00edtica de endeudamiento responsable y reglas de transparencia fiscal.<\/p>\n","protected":false},"excerpt":{"rendered":"<p>El gobierno de la provincia de Santa Fe, a trav\u00e9s del Ministerio de Econom\u00eda, inform\u00f3 que este lunes 27, el gobernador Omar Perotti suscribir\u00e1 el Consenso Fiscal 2021, pero que no se aumentar\u00e1n impuestos. &nbsp; En ese marco, desde el jueves pasado se intensificaron los contactos entre el gobierno nacional y los gobernadores para dar [&hellip;]<\/p>\n","protected":false},"author":3,"featured_media":21252,"comment_status":"closed","ping_status":"closed","sticky":false,"template":"","format":"standard","meta":{"_joinchat":[],"footnotes":""},"categories":[60],"tags":[],"class_list":{"0":"post-30526","1":"post","2":"type-post","3":"status-publish","4":"format-standard","5":"has-post-thumbnail","7":"category-provinciales"},"_links":{"self":[{"href":"https:\/\/infovera.com.ar\/web\/wp-json\/wp\/v2\/posts\/30526","targetHints":{"allow":["GET"]}}],"collection":[{"href":"https:\/\/infovera.com.ar\/web\/wp-json\/wp\/v2\/posts"}],"about":[{"href":"https:\/\/infovera.com.ar\/web\/wp-json\/wp\/v2\/types\/post"}],"author":[{"embeddable":true,"href":"https:\/\/infovera.com.ar\/web\/wp-json\/wp\/v2\/users\/3"}],"replies":[{"embeddable":true,"href":"https:\/\/infovera.com.ar\/web\/wp-json\/wp\/v2\/comments?post=30526"}],"version-history":[{"count":0,"href":"https:\/\/infovera.com.ar\/web\/wp-json\/wp\/v2\/posts\/30526\/revisions"}],"wp:featuredmedia":[{"embeddable":true,"href":"https:\/\/infovera.com.ar\/web\/wp-json\/wp\/v2\/media\/21252"}],"wp:attachment":[{"href":"https:\/\/infovera.com.ar\/web\/wp-json\/wp\/v2\/media?parent=30526"}],"wp:term":[{"taxonomy":"category","embeddable":true,"href":"https:\/\/infovera.com.ar\/web\/wp-json\/wp\/v2\/categories?post=30526"},{"taxonomy":"post_tag","embeddable":true,"href":"https:\/\/infovera.com.ar\/web\/wp-json\/wp\/v2\/tags?post=30526"}],"curies":[{"name":"wp","href":"https:\/\/api.w.org\/{rel}","templated":true}]}}