{"id":30512,"date":"2021-12-27T09:00:11","date_gmt":"2021-12-27T12:00:11","guid":{"rendered":"https:\/\/infovera.com.ar\/web\/?p=30512"},"modified":"2022-01-03T08:00:48","modified_gmt":"2022-01-03T11:00:48","slug":"intensa-agenda-del-gobernador-omar-perotti-en-la-ciudad-de-buenos-aires","status":"publish","type":"post","link":"https:\/\/infovera.com.ar\/web\/2021\/12\/27\/intensa-agenda-del-gobernador-omar-perotti-en-la-ciudad-de-buenos-aires\/","title":{"rendered":"Intensa agenda del gobernador Omar Perotti en la ciudad de Buenos Aires"},"content":{"rendered":"<p><strong>Entre otras reuniones, el mandatario santafesino participar\u00e1 de la firma del Consenso Fiscal con el presidente, Alberto Fern\u00e1ndez.<\/strong><\/p>\n<p>Este lunes 27 de diciembre, el gobernador de Santa Fe, Omar Perotti, mantendr\u00e1 una intensa agenda de trabajo en la ciudad de Buenos Aires.<\/p>\n<p>En primera instancia, desde las 11 horas, Perotti ser\u00e1 recibido por el jefe de Gabinete, Juan Manzur y el ministro de Turismo y Deportes, Matias Lammens. En tanto que el gobernador ir\u00e1 acompa\u00f1ado por la secretaria de Deportes de la provincia, Florencia Molinero y el presidente del Comit\u00e9 Ol\u00edmpico, Mario Moccia.<\/p>\n<p>Por la tarde, el mandatario provincial firmar\u00e1 un convenio para la ejecuci\u00f3n de la obra de readecuaci\u00f3n de tomas de aguas crudas- planta potabilizadora (Monje, Rinc\u00f3n, Santa Fe y Rosario) en el marco del programa nacional \u201cArgentina Hace\u201d. Y adem\u00e1s, el gobernador participar\u00e1 de una reuni\u00f3n con gobernadores y funcionarios del gabinete nacional en el marco del trabajo conjunto de los Bajos Submeridionales.<\/p>\n<p>Por \u00faltimo, cabe se\u00f1alar que Perotti estar\u00e1 desde las 17 horas junto al presidente de la Naci\u00f3n, Alberto Fern\u00e1ndez, y el resto de los gobernadores, en la firma del Consenso Fiscal 2022.<\/p>\n","protected":false},"excerpt":{"rendered":"<p>Entre otras reuniones, el mandatario santafesino participar\u00e1 de la firma del Consenso Fiscal con el presidente, Alberto Fern\u00e1ndez. Este lunes 27 de diciembre, el gobernador de Santa Fe, Omar Perotti, mantendr\u00e1 una intensa agenda de trabajo en la ciudad de Buenos Aires. En primera instancia, desde las 11 horas, Perotti ser\u00e1 recibido por el jefe [&hellip;]<\/p>\n","protected":false},"author":3,"featured_media":30513,"comment_status":"closed","ping_status":"closed","sticky":false,"template":"","format":"standard","meta":{"_joinchat":[],"footnotes":""},"categories":[66],"tags":[],"class_list":{"0":"post-30512","1":"post","2":"type-post","3":"status-publish","4":"format-standard","5":"has-post-thumbnail","7":"category-politica"},"_links":{"self":[{"href":"https:\/\/infovera.com.ar\/web\/wp-json\/wp\/v2\/posts\/30512","targetHints":{"allow":["GET"]}}],"collection":[{"href":"https:\/\/infovera.com.ar\/web\/wp-json\/wp\/v2\/posts"}],"about":[{"href":"https:\/\/infovera.com.ar\/web\/wp-json\/wp\/v2\/types\/post"}],"author":[{"embeddable":true,"href":"https:\/\/infovera.com.ar\/web\/wp-json\/wp\/v2\/users\/3"}],"replies":[{"embeddable":true,"href":"https:\/\/infovera.com.ar\/web\/wp-json\/wp\/v2\/comments?post=30512"}],"version-history":[{"count":0,"href":"https:\/\/infovera.com.ar\/web\/wp-json\/wp\/v2\/posts\/30512\/revisions"}],"wp:featuredmedia":[{"embeddable":true,"href":"https:\/\/infovera.com.ar\/web\/wp-json\/wp\/v2\/media\/30513"}],"wp:attachment":[{"href":"https:\/\/infovera.com.ar\/web\/wp-json\/wp\/v2\/media?parent=30512"}],"wp:term":[{"taxonomy":"category","embeddable":true,"href":"https:\/\/infovera.com.ar\/web\/wp-json\/wp\/v2\/categories?post=30512"},{"taxonomy":"post_tag","embeddable":true,"href":"https:\/\/infovera.com.ar\/web\/wp-json\/wp\/v2\/tags?post=30512"}],"curies":[{"name":"wp","href":"https:\/\/api.w.org\/{rel}","templated":true}]}}