{"id":30497,"date":"2021-12-26T20:04:15","date_gmt":"2021-12-26T23:04:15","guid":{"rendered":"https:\/\/infovera.com.ar\/web\/?p=30497"},"modified":"2021-12-28T12:34:07","modified_gmt":"2021-12-28T15:34:07","slug":"nochebuena-en-paz-pero-cubierta-de-humo-y-tierra-en-vera","status":"publish","type":"post","link":"https:\/\/infovera.com.ar\/web\/2021\/12\/26\/nochebuena-en-paz-pero-cubierta-de-humo-y-tierra-en-vera\/","title":{"rendered":"Nochebuena en paz pero cubierta de humo y tierra en Vera"},"content":{"rendered":"<p><strong>La Nochebuena se vivi\u00f3 en absoluta paz en la ciudad cabecera. Pero el aire estuvo irrespirable.<\/strong><\/p>\n<p>No hubo hechos policiales, ni quemados y accidentes que lamentar, de acuerdo a un informe verbal de la Unidad Regional XIX.<\/p>\n<p>Esta buena noticia adquiere m\u00e1s valor si se la observa desde el punto de vista de la gran afluencia\u00a0 y circulaci\u00f3n de gente en lugares como la zona c\u00e9ntrica y Avenida Corrientes.<\/p>\n<p>Incluso anoche, la concentraci\u00f3n de personas fue alt\u00edsima en circuito de los bares y cervecer\u00edas y tambi\u00e9n en el predio ferrocarrilero. Al igual que en la noche del 24, todo transcurri\u00f3 con normalidad.<\/p>\n<p>Empero, la celebraci\u00f3n navide\u00f1a se vio empa\u00f1ada en parte por el denso colch\u00f3n de humo y tierra que envolvi\u00f3 a la ciudad en horas de la noche del viernes, que torn\u00f3 irrespirable el aire e impidi\u00f3 que las familias pudieran pasar la trasnoche en las veredas de sus viviendas.<\/p>\n<p>Esto ocurri\u00f3 en las zonas de calles de tierra y ripio y pesar de que los vecinos a punta de mangueras trataron de amortiguar el impacto de la polvareda regando las calles, sus esfuerzos no fueron suficientes.<\/p>\n<p>Como es com\u00fan en estos casos, las quejas se multiplicaron en las redes, con fotos que expusieron con crudeza la sistuaci\u00f3n vivida.<\/p>\n","protected":false},"excerpt":{"rendered":"<p>La Nochebuena se vivi\u00f3 en absoluta paz en la ciudad cabecera. Pero el aire estuvo irrespirable. No hubo hechos policiales, ni quemados y accidentes que lamentar, de acuerdo a un informe verbal de la Unidad Regional XIX. Esta buena noticia adquiere m\u00e1s valor si se la observa desde el punto de vista de la gran [&hellip;]<\/p>\n","protected":false},"author":3,"featured_media":30498,"comment_status":"closed","ping_status":"closed","sticky":false,"template":"","format":"standard","meta":{"_joinchat":[],"footnotes":""},"categories":[53],"tags":[],"class_list":{"0":"post-30497","1":"post","2":"type-post","3":"status-publish","4":"format-standard","5":"has-post-thumbnail","7":"category-vera"},"_links":{"self":[{"href":"https:\/\/infovera.com.ar\/web\/wp-json\/wp\/v2\/posts\/30497","targetHints":{"allow":["GET"]}}],"collection":[{"href":"https:\/\/infovera.com.ar\/web\/wp-json\/wp\/v2\/posts"}],"about":[{"href":"https:\/\/infovera.com.ar\/web\/wp-json\/wp\/v2\/types\/post"}],"author":[{"embeddable":true,"href":"https:\/\/infovera.com.ar\/web\/wp-json\/wp\/v2\/users\/3"}],"replies":[{"embeddable":true,"href":"https:\/\/infovera.com.ar\/web\/wp-json\/wp\/v2\/comments?post=30497"}],"version-history":[{"count":0,"href":"https:\/\/infovera.com.ar\/web\/wp-json\/wp\/v2\/posts\/30497\/revisions"}],"wp:featuredmedia":[{"embeddable":true,"href":"https:\/\/infovera.com.ar\/web\/wp-json\/wp\/v2\/media\/30498"}],"wp:attachment":[{"href":"https:\/\/infovera.com.ar\/web\/wp-json\/wp\/v2\/media?parent=30497"}],"wp:term":[{"taxonomy":"category","embeddable":true,"href":"https:\/\/infovera.com.ar\/web\/wp-json\/wp\/v2\/categories?post=30497"},{"taxonomy":"post_tag","embeddable":true,"href":"https:\/\/infovera.com.ar\/web\/wp-json\/wp\/v2\/tags?post=30497"}],"curies":[{"name":"wp","href":"https:\/\/api.w.org\/{rel}","templated":true}]}}