{"id":30441,"date":"2021-12-21T18:54:18","date_gmt":"2021-12-21T21:54:18","guid":{"rendered":"https:\/\/infovera.com.ar\/web\/?p=30441"},"modified":"2021-12-21T18:54:18","modified_gmt":"2021-12-21T21:54:18","slug":"fuerte-cuestionamiento-a-la-falta-de-informacion-del-ejecutivo-para-poder-avanzar-en-el-tratamiento-del-presupuesto","status":"publish","type":"post","link":"https:\/\/infovera.com.ar\/web\/2021\/12\/21\/fuerte-cuestionamiento-a-la-falta-de-informacion-del-ejecutivo-para-poder-avanzar-en-el-tratamiento-del-presupuesto\/","title":{"rendered":"Fuerte cuestionamiento a la falta de informaci\u00f3n del Ejecutivo para poder avanzar en el tratamiento del Presupuesto"},"content":{"rendered":"<p>Tras una extensa reuni\u00f3n de todos los bloques legislativos con el ministro de Econom\u00eda, desde el socialismo se expusieron una gran cantidad de interrogantes que espera sean respondidos para poder avanzar en el tratamiento de la ley.<\/p>\n<p>El bloque socialista de la C\u00e1mara de Diputadas y Diputados de Santa Fe apunt\u00f3 al atraso en la informaci\u00f3n que hace p\u00fablica el gobierno de la provincia de Santa Fe, incumpliendo con la Ley de Responsabilidad Fiscal, e hizo fuertes cuestionamientos al ministro de Econom\u00eda, Walter Agosto, durante la reuni\u00f3n que mantuvieron legisladores con el funcionario provincial este martes en el marco del tratamiento del proyecto de Presupuesto 2022.<\/p>\n<p>\u201cEs una reuni\u00f3n que llega tarde porque tanto de la Comisi\u00f3n de Presupuesto en particular como de la C\u00e1mara en general, hemos emitido gran cantidad de pedidos de informes que no han sido respondido, m\u00e1s a\u00fan teniendo en cuenta que este gobierno tiene atraso en la informaci\u00f3n que hace p\u00fablica\u201d, explic\u00f3 la diputada socialista y presidenta del interbloque Frente Progresista, Clara Garc\u00eda, que puso como ejemplo que \u201cya deber\u00eda estar cargada en la web del gobierno la informaci\u00f3n de ingresos y gastos correspondiente a los meses de octubre y noviembre. \u201cEs realmente importante contar con informaci\u00f3n de la ejecuci\u00f3n del a\u00f1o 2021 para pensar en la proyecci\u00f3n 2022\u201d, afirm\u00f3.<\/p>\n<p>Luego de m\u00e1s de tres horas de reuni\u00f3n en el recinto con la participaci\u00f3n de presidentes y presidentas de todos los bloques, el titular del bloque socialista, Joaqu\u00edn Blanco, remarc\u00f3 que dentro de la informaci\u00f3n solicitada a Agosto, se requiri\u00f3 \u201cla cantidad de recursos por encima de lo presupuestado que ingres\u00f3 al tesoro provincial este a\u00f1o, qu\u00e9 utilizaci\u00f3n hizo de la autorizaci\u00f3n para pasar gastos de capital a gastos corrientes, y se pidi\u00f3 detalles relativos a fondos correspondientes a municipios y comunas dado los atrasos, en algunos casos en la aprobaci\u00f3n de expedientes y en otros directamente de pagos, que registramos en partidas de obras menores, del plan Incluir, del fondo de asistencia y financiamiento educativo\u201d.<\/p>\n<p>\u201cTambi\u00e9n consultamos \u2013 prosigui\u00f3 Blanco \u2013 sobre c\u00f3mo se desarrollaron las autorizaciones de endeudamiento que otorgamos desde la Legislatura para ver si tienen o no consistencia los nuevos pedidos de endeudamientos; y tambi\u00e9n le hicimos saber que no estaba contemplado el cobro de la deuda de Ans\u00e9s, ya que el a\u00f1o pr\u00f3ximo se va a cobrar lo correspondiente al a\u00f1o 2020\u201d.<\/p>\n<p>A modo de s\u00edntesis, el diputado reconoci\u00f3 que \u201chay una gran sensaci\u00f3n entre las diputadas y diputados de que este Presupuesto est\u00e1 subvaluado en cuanto a recursos, porque los considera con una pauta inflacionaria del 33 por ciento, que a todas luces quedar\u00e1 corta, y est\u00e1 tambi\u00e9n sobrevaluado en una perspectiva de gastos de capital, de inversiones en infraestructura, en adquisiciones, que est\u00e1n planteada en 116 mil millones, muy por encima de lo que se ha venido ejecutando\u201d.<\/p>\n<p>Por su parte, Garc\u00eda se\u00f1al\u00f3 que el ministro y su equipo \u201cse van con una gran cantidad de informaci\u00f3n que requiere ser respondida para el an\u00e1lisis del Presupuesto 2022. Se lleva temas como qu\u00e9 va a pasar con el Consenso Fiscal, tema que no est\u00e1 incluido porque a\u00fan la Naci\u00f3n no lo ha definido. Si bien recibimos reci\u00e9n hoy por Whatsapp los dict\u00e1menes aprobados en el Senado el jueves pasado, todav\u00eda tenemos esta semana y la que viene para tratar el proyecto, nuestra vocaci\u00f3n est\u00e1, por eso hab\u00edamos citado al ministro desde la semana pasada, y en la medida que Agosto agilice estas respuestas nosotros estamos dispuestos a avanzar\u201d.<\/p>\n","protected":false},"excerpt":{"rendered":"<p>Tras una extensa reuni\u00f3n de todos los bloques legislativos con el ministro de Econom\u00eda, desde el socialismo se expusieron una gran cantidad de interrogantes que espera sean respondidos para poder avanzar en el tratamiento de la ley. El bloque socialista de la C\u00e1mara de Diputadas y Diputados de Santa Fe apunt\u00f3 al atraso en la [&hellip;]<\/p>\n","protected":false},"author":3,"featured_media":30442,"comment_status":"closed","ping_status":"closed","sticky":false,"template":"","format":"standard","meta":{"_joinchat":[],"footnotes":""},"categories":[66],"tags":[],"class_list":{"0":"post-30441","1":"post","2":"type-post","3":"status-publish","4":"format-standard","5":"has-post-thumbnail","7":"category-politica"},"_links":{"self":[{"href":"https:\/\/infovera.com.ar\/web\/wp-json\/wp\/v2\/posts\/30441","targetHints":{"allow":["GET"]}}],"collection":[{"href":"https:\/\/infovera.com.ar\/web\/wp-json\/wp\/v2\/posts"}],"about":[{"href":"https:\/\/infovera.com.ar\/web\/wp-json\/wp\/v2\/types\/post"}],"author":[{"embeddable":true,"href":"https:\/\/infovera.com.ar\/web\/wp-json\/wp\/v2\/users\/3"}],"replies":[{"embeddable":true,"href":"https:\/\/infovera.com.ar\/web\/wp-json\/wp\/v2\/comments?post=30441"}],"version-history":[{"count":0,"href":"https:\/\/infovera.com.ar\/web\/wp-json\/wp\/v2\/posts\/30441\/revisions"}],"wp:featuredmedia":[{"embeddable":true,"href":"https:\/\/infovera.com.ar\/web\/wp-json\/wp\/v2\/media\/30442"}],"wp:attachment":[{"href":"https:\/\/infovera.com.ar\/web\/wp-json\/wp\/v2\/media?parent=30441"}],"wp:term":[{"taxonomy":"category","embeddable":true,"href":"https:\/\/infovera.com.ar\/web\/wp-json\/wp\/v2\/categories?post=30441"},{"taxonomy":"post_tag","embeddable":true,"href":"https:\/\/infovera.com.ar\/web\/wp-json\/wp\/v2\/tags?post=30441"}],"curies":[{"name":"wp","href":"https:\/\/api.w.org\/{rel}","templated":true}]}}