{"id":30436,"date":"2021-12-21T18:46:35","date_gmt":"2021-12-21T21:46:35","guid":{"rendered":"https:\/\/infovera.com.ar\/web\/?p=30436"},"modified":"2021-12-21T18:46:35","modified_gmt":"2021-12-21T21:46:35","slug":"una-tormenta-inesperada-causo-graves-destrozos-en-avellaneda","status":"publish","type":"post","link":"https:\/\/infovera.com.ar\/web\/2021\/12\/21\/una-tormenta-inesperada-causo-graves-destrozos-en-avellaneda\/","title":{"rendered":"Una tormenta inesperada caus\u00f3 graves destrozos en Avellaneda"},"content":{"rendered":"<p><strong>La ciudad se vio afectada por fuertes r\u00e1fagas. Hubo voladuras de techos, ca\u00edda de \u00e1rboles e inconvenientes en el suministro el\u00e9ctrico.<\/strong><\/p>\n<p>Cerca de las tres de la siesta de este martes, una tormenta de agua y viento se abati\u00f3 sobre localidades del norte provincial provocando destrozos en los arbolados urbanos, desprendimientos de cubiertas de viviendas y fallas en el servicio de la red el\u00e9ctrica.<\/p>\n<p>Con una sensaci\u00f3n t\u00e9rmica que rozaba los 43 grados, a la hora citada nubarrones oscuros comenzaron a cubrir el cielo mientras que tronaban las descargas el\u00e9ctricas. De inmediato, comenz\u00f3 llover copiosamente en el \u00e1rea metropolitana Reconquista \u2013 Avellaneda, para luego ir atenu\u00e1ndose el chaparr\u00f3n hasta cesar alrededor de las 17:30.<\/p>\n<p>El fen\u00f3meno no estaba pronosticado en ninguno de los servicios meteorol\u00f3gicos, ni el oficial ni los privados y solo se esperaban lloviznas por la noche.<\/p>\n<p>Con especial virulencia, el meteoro tropical azot\u00f3 a la zona norte de Avellaneda. En esa ciudad, vol\u00f3 techos y derrumb\u00f3 ejemplares de la flora urbana por la l\u00ednea de la Ruta 31. M\u00e1s all\u00e1 de la intensidad del viento, solo se registraron da\u00f1os materiales. La casa particular del intendente local, Gonzalo Braidot, ubicada en esa zona, sufri\u00f3 la voladura de las chapas de una galer\u00eda. Aunque tambi\u00e9n las r\u00e1fagas se sintieron en la zona c\u00e9ntrica, esto qued\u00f3 evidenciado en el Arbolito de Navidad que termin\u00f3 inclinado sobre uno de sus lados.<\/p>\n<p>A media tarde, la Cooperativa de Servicios P\u00fablicos, Sociales y Viviendas de Avellaneda Ltda. emiti\u00f3 un parte de prensa en el que inform\u00f3 a los vecinos asociados de la zona rural del distrito que el corte en el suministro de energ\u00eda el\u00e9ctrica se debi\u00f3 al \u201cfen\u00f3meno clim\u00e1tico ocurrido en horas de la tarde\u201d y se\u00f1al\u00f3 que \u201cestamos haciendo lo posible, recorriendo las distintas l\u00edneas con el objeto que regularizar la situaci\u00f3n\u201d.<\/p>\n<p>Debido a ese panorama, la entidad advirti\u00f3 que \u201cpor lo tanto, no tenemos horario de reposici\u00f3n del servicio de energ\u00eda el\u00e9ctrica para la zona rural\u201d, y asegur\u00f3 que \u201cestamos trabajando con todo el personal disponible para solucionar los severos inconvenientes\u201d producidos por el vendaval.<\/p>\n<p><img loading=\"lazy\" decoding=\"async\" class=\" wp-image-30438 aligncenter\" src=\"https:\/\/infovera.com.ar\/web\/wp-content\/uploads\/2021\/12\/arbol-300x169.jpg\" alt=\"\" width=\"735\" height=\"414\" srcset=\"https:\/\/infovera.com.ar\/web\/wp-content\/uploads\/2021\/12\/arbol-300x169.jpg 300w, https:\/\/infovera.com.ar\/web\/wp-content\/uploads\/2021\/12\/arbol-1024x576.jpg 1024w, https:\/\/infovera.com.ar\/web\/wp-content\/uploads\/2021\/12\/arbol-768x432.jpg 768w, https:\/\/infovera.com.ar\/web\/wp-content\/uploads\/2021\/12\/arbol-1536x864.jpg 1536w, https:\/\/infovera.com.ar\/web\/wp-content\/uploads\/2021\/12\/arbol-696x392.jpg 696w, https:\/\/infovera.com.ar\/web\/wp-content\/uploads\/2021\/12\/arbol-1068x601.jpg 1068w, https:\/\/infovera.com.ar\/web\/wp-content\/uploads\/2021\/12\/arbol-747x420.jpg 747w, https:\/\/infovera.com.ar\/web\/wp-content\/uploads\/2021\/12\/arbol.jpg 1600w\" sizes=\"auto, (max-width: 735px) 100vw, 735px\" \/><\/p>\n","protected":false},"excerpt":{"rendered":"<p>La ciudad se vio afectada por fuertes r\u00e1fagas. Hubo voladuras de techos, ca\u00edda de \u00e1rboles e inconvenientes en el suministro el\u00e9ctrico. Cerca de las tres de la siesta de este martes, una tormenta de agua y viento se abati\u00f3 sobre localidades del norte provincial provocando destrozos en los arbolados urbanos, desprendimientos de cubiertas de viviendas [&hellip;]<\/p>\n","protected":false},"author":3,"featured_media":30437,"comment_status":"closed","ping_status":"closed","sticky":false,"template":"","format":"standard","meta":{"_joinchat":[],"footnotes":""},"categories":[55],"tags":[],"class_list":{"0":"post-30436","1":"post","2":"type-post","3":"status-publish","4":"format-standard","5":"has-post-thumbnail","7":"category-reconquista"},"_links":{"self":[{"href":"https:\/\/infovera.com.ar\/web\/wp-json\/wp\/v2\/posts\/30436","targetHints":{"allow":["GET"]}}],"collection":[{"href":"https:\/\/infovera.com.ar\/web\/wp-json\/wp\/v2\/posts"}],"about":[{"href":"https:\/\/infovera.com.ar\/web\/wp-json\/wp\/v2\/types\/post"}],"author":[{"embeddable":true,"href":"https:\/\/infovera.com.ar\/web\/wp-json\/wp\/v2\/users\/3"}],"replies":[{"embeddable":true,"href":"https:\/\/infovera.com.ar\/web\/wp-json\/wp\/v2\/comments?post=30436"}],"version-history":[{"count":0,"href":"https:\/\/infovera.com.ar\/web\/wp-json\/wp\/v2\/posts\/30436\/revisions"}],"wp:featuredmedia":[{"embeddable":true,"href":"https:\/\/infovera.com.ar\/web\/wp-json\/wp\/v2\/media\/30437"}],"wp:attachment":[{"href":"https:\/\/infovera.com.ar\/web\/wp-json\/wp\/v2\/media?parent=30436"}],"wp:term":[{"taxonomy":"category","embeddable":true,"href":"https:\/\/infovera.com.ar\/web\/wp-json\/wp\/v2\/categories?post=30436"},{"taxonomy":"post_tag","embeddable":true,"href":"https:\/\/infovera.com.ar\/web\/wp-json\/wp\/v2\/tags?post=30436"}],"curies":[{"name":"wp","href":"https:\/\/api.w.org\/{rel}","templated":true}]}}