{"id":30419,"date":"2021-12-21T13:40:34","date_gmt":"2021-12-21T16:40:34","guid":{"rendered":"https:\/\/infovera.com.ar\/web\/?p=30419"},"modified":"2021-12-21T13:40:34","modified_gmt":"2021-12-21T16:40:34","slug":"como-impacta-en-santa-fe-y-entre-rios-el-pago-de-bonos-y-los-aumentos-a-los-jubilados","status":"publish","type":"post","link":"https:\/\/infovera.com.ar\/web\/2021\/12\/21\/como-impacta-en-santa-fe-y-entre-rios-el-pago-de-bonos-y-los-aumentos-a-los-jubilados\/","title":{"rendered":"C\u00f3mo impacta en Santa Fe y Entre R\u00edos el pago de bonos y los aumentos a los jubilados"},"content":{"rendered":"<p>Desde el d\u00eda de ayer, ANSES comenz\u00f3 a pagar el bono de fin de a\u00f1o<br \/>\nque alcanza a 4,6 millones de jubiladas, jubilados, pensionadas y pensionados.<br \/>\nEl bono es de 8.000 pesos para beneficiarias y beneficiarios con haberes<br \/>\nhasta los 29.062 pesos. Aquellos que tengan ingresos entre 29.062 y 37.062<br \/>\npesos recibir\u00e1n la diferencia hasta completar este \u00faltimo monto.<\/p>\n<p>&nbsp;<\/p>\n<p>La medida impactar\u00e1 en los ingresos del 63 por ciento de los jubilados,<br \/>\njubiladas, pensionados y pensionadas del Sistema Integrado Previsional<br \/>\nArgentino (SIPA), de los beneficiarios de las pensiones no contributivas y de la<br \/>\nPensi\u00f3n Universal para el Adulto Mayor (PUAM).<\/p>\n<p>&nbsp;<\/p>\n<p>El pago del bono comenz\u00f3 ayer para los documentos terminados en 0,1 y<br \/>\n2 y continuar\u00e1 el 21 de diciembre para jubilados y pensionados cuyos<br \/>\ndocumentos terminan en 3, 4 y 5, el 22 de diciembre para terminados en 6 y 7<br \/>\ny, por \u00faltimo, el 23 de diciembre para terminados en 8 y 9.<\/p>\n<p>&nbsp;<\/p>\n<p>Consultado respecto al impacto de esta medida en la regi\u00f3n, el Jefe<br \/>\nRegional Litoral de ANSES Diego Mansilla, sostuvo que: \u201cSe ver\u00e1n alcanzados<br \/>\npor el pago del bono, 332.764 beneficiarios y beneficiarias en la provincia de<br \/>\nSanta Fe y 150.901 en Entre R\u00edos. Este bono se suma al aumento de haberes<br \/>\nque se est\u00e1 cobrando este mes junto al medio aguinaldo y a las tres<br \/>\nbonificaciones anteriores que se otorgaron a lo largo de 2021 en los meses de<br \/>\nabril y mayo, por 1.500 pesos cada uno, y en agosto, por 5.000 pesos\u201d.<\/p>\n<p>&nbsp;<\/p>\n<p>Con relaci\u00f3n al aumento de haberes de diciembre, Mansilla agreg\u00f3: \u201cEl aumento<br \/>\nde diciembre es del 12.11% y alcanza a las jubilaciones, pensiones, pensiones<br \/>\nno contributivas, la pensi\u00f3n universal para el adulto mayor.<\/p>\n<p>Con este \u00faltim aumento se acumula un total de 52.7 % en el a\u00f1o, encontr\u00e1ndose por encima de la inflaci\u00f3n, recuperando 4 puntos sobre la anterior. Desde que esta gesti\u00f3n de<br \/>\nANSES asumi\u00f3, se sostuvo que se iba a trabajar todos los d\u00edas para que las<br \/>\njubiladas y jubilados le ganen a la inflaci\u00f3n. Hoy estamos muy contentos de<br \/>\ncomprobar que esto se est\u00e1 empezando a hacer realidad. Celebramos esta<br \/>\nmedida como todas las decisiones implementadas durante el a\u00f1o por nuestro<br \/>\nGobierno Nacional para lograr que nuestros beneficiarios recuperen su ingreso<br \/>\nreal, su capacidad de compra y tengan una jubilaci\u00f3n digna\u201d.<\/p>\n","protected":false},"excerpt":{"rendered":"<p>Desde el d\u00eda de ayer, ANSES comenz\u00f3 a pagar el bono de fin de a\u00f1o que alcanza a 4,6 millones de jubiladas, jubilados, pensionadas y pensionados. El bono es de 8.000 pesos para beneficiarias y beneficiarios con haberes hasta los 29.062 pesos. Aquellos que tengan ingresos entre 29.062 y 37.062 pesos recibir\u00e1n la diferencia hasta [&hellip;]<\/p>\n","protected":false},"author":3,"featured_media":30420,"comment_status":"closed","ping_status":"closed","sticky":false,"template":"","format":"standard","meta":{"_joinchat":[],"footnotes":""},"categories":[62],"tags":[],"class_list":{"0":"post-30419","1":"post","2":"type-post","3":"status-publish","4":"format-standard","5":"has-post-thumbnail","7":"category-nacionales"},"_links":{"self":[{"href":"https:\/\/infovera.com.ar\/web\/wp-json\/wp\/v2\/posts\/30419","targetHints":{"allow":["GET"]}}],"collection":[{"href":"https:\/\/infovera.com.ar\/web\/wp-json\/wp\/v2\/posts"}],"about":[{"href":"https:\/\/infovera.com.ar\/web\/wp-json\/wp\/v2\/types\/post"}],"author":[{"embeddable":true,"href":"https:\/\/infovera.com.ar\/web\/wp-json\/wp\/v2\/users\/3"}],"replies":[{"embeddable":true,"href":"https:\/\/infovera.com.ar\/web\/wp-json\/wp\/v2\/comments?post=30419"}],"version-history":[{"count":0,"href":"https:\/\/infovera.com.ar\/web\/wp-json\/wp\/v2\/posts\/30419\/revisions"}],"wp:featuredmedia":[{"embeddable":true,"href":"https:\/\/infovera.com.ar\/web\/wp-json\/wp\/v2\/media\/30420"}],"wp:attachment":[{"href":"https:\/\/infovera.com.ar\/web\/wp-json\/wp\/v2\/media?parent=30419"}],"wp:term":[{"taxonomy":"category","embeddable":true,"href":"https:\/\/infovera.com.ar\/web\/wp-json\/wp\/v2\/categories?post=30419"},{"taxonomy":"post_tag","embeddable":true,"href":"https:\/\/infovera.com.ar\/web\/wp-json\/wp\/v2\/tags?post=30419"}],"curies":[{"name":"wp","href":"https:\/\/api.w.org\/{rel}","templated":true}]}}