{"id":30399,"date":"2021-12-21T10:00:34","date_gmt":"2021-12-21T13:00:34","guid":{"rendered":"https:\/\/infovera.com.ar\/web\/?p=30399"},"modified":"2021-12-21T18:51:24","modified_gmt":"2021-12-21T21:51:24","slug":"la-escuela-de-policia-del-norte-funcionara-a-partir-del-2022","status":"publish","type":"post","link":"https:\/\/infovera.com.ar\/web\/2021\/12\/21\/la-escuela-de-policia-del-norte-funcionara-a-partir-del-2022\/","title":{"rendered":"La Escuela de Polic\u00eda del norte funcionar\u00e1 a partir del 2022"},"content":{"rendered":"<p><strong>El intendente Dr. Amadeo Enrique Vallejos, junto al ministro de Seguridad de la Provincia, Jorge Lagna, confirmaron que &#8220;la Escuela de Polic\u00eda Norte en Reconquista ser\u00e1 una realidad a partir del inicio de clases el a\u00f1o que viene&#8221;. El anuncio se dio en el marco de la entrega de 6 veh\u00edculos para la Polic\u00eda de localidades del Departamento General Obligado en la tarde del lunes 20 de diciembre, en la Unidad Regional IX.<\/strong><\/p>\n<p>En la oportunidad, Lagna agradeci\u00f3 la inversi\u00f3n del Gobierno de Reconquista para poner en valor el inmueble donde funcionaba anteriormente el Hospital, lugar donde funcionar\u00e1 en una primera etapa la Escuela, hasta que tenga un enclave definitivo.<\/p>\n<p>Respecto a las obras, el Intendente de Reconquista detall\u00f3 el sector que utilizar\u00e1 la Escuela de Polic\u00edas fue reacondicionado, refuncionalizado para que la misma comience a funcionar a partir del a\u00f1o entrante. Este centro de formaci\u00f3n del norte, y para toda la regi\u00f3n, funcionar\u00e1 en el sector de era utilizado por la Escuela de Enfermer\u00eda.<\/p>\n<p>Asimismo, hizo menci\u00f3n que en dicho inmueble ya funcionan la Polic\u00eda de Divisi\u00f3n T\u00e1ctica, el Registro Civil, el Registro General, el RUAGA, la Oficinal de G\u00e9nero, el IGPJ -Inspecci\u00f3n General de Personas Jur\u00eddicas de la Provincia de Santa Fe-, y un Santa Fe Servicio. Pr\u00f3ximamente se suman el 107, que volver\u00e1 a tener sede en Reconquista, la Cocina Centralizada del municipio como as\u00ed tambi\u00e9n el Mercado Social Solidario.<\/p>\n<p>&#8220;Todav\u00eda queda espacio, quedan \u00e1reas para refaccionar. Se trata de un edificio al que hubo que hacerle inversiones muy importantes en las instalaciones sanitarias, el\u00e9ctricas, de agua. Adem\u00e1s, hay que tener en cuenta que hay sectores de edificaci\u00f3n que tiene unos 100 a\u00f1os&#8221;, expres\u00f3 el Intendente Vallejos.<\/p>\n<p>Y agreg\u00f3 que &#8220;estamos hablando de un ahorro en alquileres entre los organizamos municipales, nacionales y provinciales de entre los 3 y 5 millones de pesos, si tenemos en cuenta tambi\u00e9n el costo de mantenimiento de cada una de las instalaciones. Ese recurso puede reinvertirse en este edificio, por cual estamos trabajando con los distintos organismos para que en el futuro el mantenimiento se lo pueda hacer en forma conjunta&#8221;, finaliz\u00f3.<\/p>\n","protected":false},"excerpt":{"rendered":"<p>El intendente Dr. Amadeo Enrique Vallejos, junto al ministro de Seguridad de la Provincia, Jorge Lagna, confirmaron que &#8220;la Escuela de Polic\u00eda Norte en Reconquista ser\u00e1 una realidad a partir del inicio de clases el a\u00f1o que viene&#8221;. El anuncio se dio en el marco de la entrega de 6 veh\u00edculos para la Polic\u00eda de [&hellip;]<\/p>\n","protected":false},"author":3,"featured_media":30400,"comment_status":"closed","ping_status":"closed","sticky":false,"template":"","format":"standard","meta":{"_joinchat":[],"footnotes":""},"categories":[55],"tags":[],"class_list":{"0":"post-30399","1":"post","2":"type-post","3":"status-publish","4":"format-standard","5":"has-post-thumbnail","7":"category-reconquista"},"_links":{"self":[{"href":"https:\/\/infovera.com.ar\/web\/wp-json\/wp\/v2\/posts\/30399","targetHints":{"allow":["GET"]}}],"collection":[{"href":"https:\/\/infovera.com.ar\/web\/wp-json\/wp\/v2\/posts"}],"about":[{"href":"https:\/\/infovera.com.ar\/web\/wp-json\/wp\/v2\/types\/post"}],"author":[{"embeddable":true,"href":"https:\/\/infovera.com.ar\/web\/wp-json\/wp\/v2\/users\/3"}],"replies":[{"embeddable":true,"href":"https:\/\/infovera.com.ar\/web\/wp-json\/wp\/v2\/comments?post=30399"}],"version-history":[{"count":0,"href":"https:\/\/infovera.com.ar\/web\/wp-json\/wp\/v2\/posts\/30399\/revisions"}],"wp:featuredmedia":[{"embeddable":true,"href":"https:\/\/infovera.com.ar\/web\/wp-json\/wp\/v2\/media\/30400"}],"wp:attachment":[{"href":"https:\/\/infovera.com.ar\/web\/wp-json\/wp\/v2\/media?parent=30399"}],"wp:term":[{"taxonomy":"category","embeddable":true,"href":"https:\/\/infovera.com.ar\/web\/wp-json\/wp\/v2\/categories?post=30399"},{"taxonomy":"post_tag","embeddable":true,"href":"https:\/\/infovera.com.ar\/web\/wp-json\/wp\/v2\/tags?post=30399"}],"curies":[{"name":"wp","href":"https:\/\/api.w.org\/{rel}","templated":true}]}}