{"id":30299,"date":"2021-12-18T10:57:47","date_gmt":"2021-12-18T13:57:47","guid":{"rendered":"https:\/\/infovera.com.ar\/web\/?p=30299"},"modified":"2021-12-18T10:57:47","modified_gmt":"2021-12-18T13:57:47","slug":"amsafe-vera-despidio-a-los-nuevos-jubilados","status":"publish","type":"post","link":"https:\/\/infovera.com.ar\/web\/2021\/12\/18\/amsafe-vera-despidio-a-los-nuevos-jubilados\/","title":{"rendered":"AMSAFE Vera despidi\u00f3 a los nuevos jubilados"},"content":{"rendered":"<div dir=\"auto\">As\u00ed lo informaron desde el Gremio de Docentes, AMSAFE:<\/div>\n<div dir=\"auto\"><\/div>\n<div dir=\"auto\">Seguimos poni\u00e9ndonos al d\u00eda despidiendo a nuestros compa\u00f1eros que pasan a la clase pasiva.<\/div>\n<div dir=\"auto\"><\/div>\n<div dir=\"auto\">En este caso fue la Escuela Nocturna para Adultos N\u00ba 55 \u201cJuana Azurduy\u201d, de Vera, quien realiz\u00f3 el acto de reconocimiento por su trayectoria a Susana V\u00e1zquez y Rub\u00e9n Di Giovanni como docentes y Ester Benitez como asistente escolar.<\/div>\n<div dir=\"auto\"><\/div>\n<div dir=\"auto\">El acto, desarrollado en el auditorio de Amsafe, cont\u00f3 con la presencia de todo el plantel docente encabezado por su directora Silvia Beuchel, al que se sum\u00f3 el Director de la Regi\u00f3n II Roberto Lorenzini, la supervisora seccional Marisa Kaufman y la delegada seccional de Amsafe Vera, Nelcy Suligoy.<\/div>\n","protected":false},"excerpt":{"rendered":"<p>As\u00ed lo informaron desde el Gremio de Docentes, AMSAFE: Seguimos poni\u00e9ndonos al d\u00eda despidiendo a nuestros compa\u00f1eros que pasan a la clase pasiva. En este caso fue la Escuela Nocturna para Adultos N\u00ba 55 \u201cJuana Azurduy\u201d, de Vera, quien realiz\u00f3 el acto de reconocimiento por su trayectoria a Susana V\u00e1zquez y Rub\u00e9n Di Giovanni como [&hellip;]<\/p>\n","protected":false},"author":3,"featured_media":30301,"comment_status":"closed","ping_status":"closed","sticky":false,"template":"","format":"standard","meta":{"_joinchat":[],"footnotes":""},"categories":[51,53],"tags":[],"class_list":{"0":"post-30299","1":"post","2":"type-post","3":"status-publish","4":"format-standard","5":"has-post-thumbnail","7":"category-locales","8":"category-vera"},"_links":{"self":[{"href":"https:\/\/infovera.com.ar\/web\/wp-json\/wp\/v2\/posts\/30299","targetHints":{"allow":["GET"]}}],"collection":[{"href":"https:\/\/infovera.com.ar\/web\/wp-json\/wp\/v2\/posts"}],"about":[{"href":"https:\/\/infovera.com.ar\/web\/wp-json\/wp\/v2\/types\/post"}],"author":[{"embeddable":true,"href":"https:\/\/infovera.com.ar\/web\/wp-json\/wp\/v2\/users\/3"}],"replies":[{"embeddable":true,"href":"https:\/\/infovera.com.ar\/web\/wp-json\/wp\/v2\/comments?post=30299"}],"version-history":[{"count":0,"href":"https:\/\/infovera.com.ar\/web\/wp-json\/wp\/v2\/posts\/30299\/revisions"}],"wp:featuredmedia":[{"embeddable":true,"href":"https:\/\/infovera.com.ar\/web\/wp-json\/wp\/v2\/media\/30301"}],"wp:attachment":[{"href":"https:\/\/infovera.com.ar\/web\/wp-json\/wp\/v2\/media?parent=30299"}],"wp:term":[{"taxonomy":"category","embeddable":true,"href":"https:\/\/infovera.com.ar\/web\/wp-json\/wp\/v2\/categories?post=30299"},{"taxonomy":"post_tag","embeddable":true,"href":"https:\/\/infovera.com.ar\/web\/wp-json\/wp\/v2\/tags?post=30299"}],"curies":[{"name":"wp","href":"https:\/\/api.w.org\/{rel}","templated":true}]}}