{"id":30296,"date":"2021-12-18T10:55:12","date_gmt":"2021-12-18T13:55:12","guid":{"rendered":"https:\/\/infovera.com.ar\/web\/?p=30296"},"modified":"2021-12-20T12:59:02","modified_gmt":"2021-12-20T15:59:02","slug":"se-saco-una-foto-para-tener-un-recuerdo-de-la-pesca-y-a-los-minutos-se-ahogo","status":"publish","type":"post","link":"https:\/\/infovera.com.ar\/web\/2021\/12\/18\/se-saco-una-foto-para-tener-un-recuerdo-de-la-pesca-y-a-los-minutos-se-ahogo\/","title":{"rendered":"Se sac\u00f3 una foto para tener un recuerdo de la pesca con amigos y a los minutos se ahog\u00f3"},"content":{"rendered":"<p><strong>Ocurri\u00f3 en el arroyo El Esp\u00edn de Calchaqu\u00ed.<\/strong><\/p>\n<p>Cerca de las 14:30 del viernes, Gerardo Garavaglia, de 50 a\u00f1os, muri\u00f3 ahogado en el arroyo El Esp\u00edn, en un punto ubicado a unos 25 kil\u00f3metros al este de la Ruta 11.<\/p>\n<p>Hab\u00eda llegado hasta ese lugar junto con amigos en plan de pesca. El calor de la siesta hizo que se ba\u00f1aran en el curso de agua, primero sus amigos, y luego \u00e9l. Pero al sambullirse, no volvi\u00f3 a salir a la superficie.<\/p>\n<p>&#8220;Tirale algo que se ahog\u00f3&#8221;, grit\u00f3 uno del grupo. &#8220;No, c\u00f3mo se va ahogar&#8221;, grit\u00f3, incr\u00e9dulo, otro que hab\u00eda quedado en la orilla. Pero al cabo de unos instantes, al no volver a aparecer en la superficie de agua, cayeron en la cuenta de la tragedia. Al llegar al arroyo, hab\u00eda tenido la idea de tomarse una foto con los dem\u00e1s para tener un recuerdo de la escapada a pescar; parad\u00f3jicamente, a los pocos minutos se ahog\u00f3.<\/p>\n<p>De inmediato, el resto de los pescadores acudi\u00f3 a la sede policial de Calchaqu\u00ed para dar aviso del luctuoso suceso. Una patrulla policial, entonces, arrib\u00f3 a las 15 al sitio y mediante patejas activaron la b\u00fasqueda por arrastre logrando dar con el cuerpo, para luego retirarlo del lugar.<\/p>\n<p><img loading=\"lazy\" decoding=\"async\" class=\" wp-image-22351 aligncenter\" src=\"https:\/\/infovera.com.ar\/web\/wp-content\/uploads\/2021\/06\/ACOSTA-3-300x54.jpg\" alt=\"\" width=\"733\" height=\"132\" srcset=\"https:\/\/infovera.com.ar\/web\/wp-content\/uploads\/2021\/06\/ACOSTA-3-300x54.jpg 300w, https:\/\/infovera.com.ar\/web\/wp-content\/uploads\/2021\/06\/ACOSTA-3.jpg 670w\" sizes=\"auto, (max-width: 733px) 100vw, 733px\" \/><\/p>\n<p>Un m\u00e9dico policial dictamin\u00f3 muerte por ahogamiento. Se cree que la v\u00edctima pudo haber sufrido un ataque de epilepsia (patolog\u00eda que padec\u00eda) justo cuando se tir\u00f3 al agua.<\/p>\n<p>El cuerpo fue trasladado en ambulancia del SEM hasta el el Hospital e interiorizado fiscal en turno, orden\u00f3 que sea entregado a los familiares para su sepelio e inhumaci\u00f3n.<\/p>\n<p>Gerardo Garavaglia era hijo de Norma Manni, ex concejal e hist\u00f3rica dirigente radical de Calchaqu\u00ed.<\/p>\n<p>Q.E.P.D<\/p>\n","protected":false},"excerpt":{"rendered":"<p>Ocurri\u00f3 en el arroyo El Esp\u00edn de Calchaqu\u00ed. Cerca de las 14:30 del viernes, Gerardo Garavaglia, de 50 a\u00f1os, muri\u00f3 ahogado en el arroyo El Esp\u00edn, en un punto ubicado a unos 25 kil\u00f3metros al este de la Ruta 11. Hab\u00eda llegado hasta ese lugar junto con amigos en plan de pesca. El calor de [&hellip;]<\/p>\n","protected":false},"author":3,"featured_media":30297,"comment_status":"closed","ping_status":"closed","sticky":false,"template":"","format":"standard","meta":{"_joinchat":[],"footnotes":""},"categories":[52],"tags":[],"class_list":{"0":"post-30296","1":"post","2":"type-post","3":"status-publish","4":"format-standard","5":"has-post-thumbnail","7":"category-calchaqui"},"_links":{"self":[{"href":"https:\/\/infovera.com.ar\/web\/wp-json\/wp\/v2\/posts\/30296","targetHints":{"allow":["GET"]}}],"collection":[{"href":"https:\/\/infovera.com.ar\/web\/wp-json\/wp\/v2\/posts"}],"about":[{"href":"https:\/\/infovera.com.ar\/web\/wp-json\/wp\/v2\/types\/post"}],"author":[{"embeddable":true,"href":"https:\/\/infovera.com.ar\/web\/wp-json\/wp\/v2\/users\/3"}],"replies":[{"embeddable":true,"href":"https:\/\/infovera.com.ar\/web\/wp-json\/wp\/v2\/comments?post=30296"}],"version-history":[{"count":0,"href":"https:\/\/infovera.com.ar\/web\/wp-json\/wp\/v2\/posts\/30296\/revisions"}],"wp:featuredmedia":[{"embeddable":true,"href":"https:\/\/infovera.com.ar\/web\/wp-json\/wp\/v2\/media\/30297"}],"wp:attachment":[{"href":"https:\/\/infovera.com.ar\/web\/wp-json\/wp\/v2\/media?parent=30296"}],"wp:term":[{"taxonomy":"category","embeddable":true,"href":"https:\/\/infovera.com.ar\/web\/wp-json\/wp\/v2\/categories?post=30296"},{"taxonomy":"post_tag","embeddable":true,"href":"https:\/\/infovera.com.ar\/web\/wp-json\/wp\/v2\/tags?post=30296"}],"curies":[{"name":"wp","href":"https:\/\/api.w.org\/{rel}","templated":true}]}}