{"id":30277,"date":"2021-12-17T18:11:48","date_gmt":"2021-12-17T21:11:48","guid":{"rendered":"https:\/\/infovera.com.ar\/web\/?p=30277"},"modified":"2021-12-17T18:11:48","modified_gmt":"2021-12-17T21:11:48","slug":"mirabellalamento-que-puedan-correr-riesgo-obras-tan-trascendentes-para-la-provincia-de-santa-fe","status":"publish","type":"post","link":"https:\/\/infovera.com.ar\/web\/2021\/12\/17\/mirabellalamento-que-puedan-correr-riesgo-obras-tan-trascendentes-para-la-provincia-de-santa-fe\/","title":{"rendered":"Mirabella:&#8221;Lamento que puedan correr riesgo obras tan trascendentes para la provincia de Santa fe&#8221;"},"content":{"rendered":"<p>El diputado Roberto Mirabella lament\u00f3 el voto negativo de la oposici\u00f3n que deriv\u00f3 en el rechazo al presupuesto 2022 en la sesi\u00f3n especial de la C\u00e1mara de Diputados de la Naci\u00f3n, y tambi\u00e9n que &#8220;puedan correr riesgos obras tan trascendentes para la provincia de Santa Fe como por ejemplo el Puente Santa Fe &#8211; Santo Tom\u00e9 que lo hab\u00edamos incorporado cuando visit\u00f3 Katopodis el Congreso&#8221;.<\/p>\n<p>&#8220;Ojala no corra riesgo toda la inversi\u00f3n del Estado nacional en nuestra provincia&#8221; expres\u00f3 Mirabella.<\/p>\n<p>Fue luego de la marat\u00f3nica sesi\u00f3n, que dur\u00f3 m\u00e1s de 22 horas, en la que se discuti\u00f3 la ley de presupuesto y en la que el propio Mirabella, a su turno del uso de la palabra, hab\u00eda destacado las obras que estaban proyectadas para el a\u00f1o que viene, las transferencias totales que recibir\u00e1 Santa Fe por m\u00e1s de un bill\u00f3n de pesos y el art\u00edculo que permit\u00eda concretar las acciones para el pago de la deuda que tiene el estado nacional con la provincia.<\/p>\n<p>Durante su exposici\u00f3n, el diputado hab\u00eda afirmado que el \u201cPresupuesto 2022 para Santa Fe va a permitir continuar, profundizar, acompa\u00f1ar la recuperaci\u00f3n productiva de mi provincia\u201d y resalt\u00f3 &#8220;los casi 550 mil millones de pesos presupuestados para Santa Fe en transferencias sociales, en inversi\u00f3n de capital, en gastos corrientes, que si le sumamos lo que est\u00e1 estimado en las transferencias de coparticipaci\u00f3n para el a\u00f1o que viene, algo as\u00ed de 435 mil millones de pesos suma casi un bill\u00f3n de pesos\u201d.<\/p>\n<p>En esa l\u00ednea hab\u00eda subrayado que la inversi\u00f3n en obra p\u00fablica para Santa Fe es \u201cun poco m\u00e1s de 39 mil millones de pesos que se visibilizan en obras muy importantes en materia vial como la autopista de la Ruta 34; la autopista de la Ruta 33, el tercer carril de la autopista que conecta a Rosario con Buenos Aires en su primer tramo de 25 km., en obras de agua de cloacas, de planta de tratamiento de l\u00edquidos cloacales, en la recuperaci\u00f3n y la puesta en marcha del gasoducto metropolitano, con la terminaci\u00f3n del gasoducto de la regi\u00f3n centro, con el gasoducto sur y con obras emblem\u00e1ticas como la planta potabilizadora de la ciudad de Santa fe, que hac\u00eda 114 a\u00f1os que no se hac\u00eda una\u201d.<\/p>\n<p>Mirabella continu\u00f3 destacando la realizaci\u00f3n de obras en la provincia \u201ccomo el acueducto del gran Rosario que va a beneficiar a 500 mil personas\u201d y otra que \u201ctiene el proyecto ejecutivo desde hace varios a\u00f1os, que es el puente Santa Fe, Santo Tom\u00e9, que es una obra plurianual y que se incorpor\u00f3 una partida de 2 mil millones de pesos para licitarla y empezarla el a\u00f1o que viene\u201d as\u00ed como la \u201cacueducto que une San Javier, Tostado con Villa Minetti, all\u00e1 en el norte de la provincia, l\u00edmite con Chaco y con Santiago del Estero, que es una obra de 15 mil millones de pesos\u201d.<\/p>\n<p>El diputado indic\u00f3 que \u201ctodas estas inversiones puntuales, tienen que ver con elevar la calidad de vida, pero no me quiero olvidar todas las transferencias sociales\u201d que \u201cen nuestra provincia son claves, muy importantes y apuestan a la recuperaci\u00f3n econ\u00f3mica y productiva\u201d y resalt\u00f3 que las tres universidades nacionales con las que cuenta Santa Fe tendr\u00e1n \u201cm\u00e1s de 25 mil millones de pesos en presupuesto para el a\u00f1o que viene\u201d.<\/p>\n<p>Por \u00faltimo, Mirabella resalt\u00f3 \u201calgo trascendente, para mi provincia, que es haber incorporado el art\u00edculo 117 en el presupuesto, que es una cuesti\u00f3n relevante, ya que la Corte Suprema ha tenido un fallo trascendente la semana pasada que ha determinado la forma y el monto de actualizaci\u00f3n de la deuda que tiene el Estado nacional con la provincia de Santa Fe y ese art\u00edculo 117 que hemos incorporado permite concretar las acciones de pago y que tenga un mecanismo el jefe de gabinete de la naci\u00f3n para que se materialice\u201d el pago de la deuda a nuestra provincia.<\/p>\n","protected":false},"excerpt":{"rendered":"<p>El diputado Roberto Mirabella lament\u00f3 el voto negativo de la oposici\u00f3n que deriv\u00f3 en el rechazo al presupuesto 2022 en la sesi\u00f3n especial de la C\u00e1mara de Diputados de la Naci\u00f3n, y tambi\u00e9n que &#8220;puedan correr riesgos obras tan trascendentes para la provincia de Santa Fe como por ejemplo el Puente Santa Fe &#8211; Santo [&hellip;]<\/p>\n","protected":false},"author":3,"featured_media":30278,"comment_status":"closed","ping_status":"closed","sticky":false,"template":"","format":"standard","meta":{"_joinchat":[],"footnotes":""},"categories":[60],"tags":[],"class_list":{"0":"post-30277","1":"post","2":"type-post","3":"status-publish","4":"format-standard","5":"has-post-thumbnail","7":"category-provinciales"},"_links":{"self":[{"href":"https:\/\/infovera.com.ar\/web\/wp-json\/wp\/v2\/posts\/30277","targetHints":{"allow":["GET"]}}],"collection":[{"href":"https:\/\/infovera.com.ar\/web\/wp-json\/wp\/v2\/posts"}],"about":[{"href":"https:\/\/infovera.com.ar\/web\/wp-json\/wp\/v2\/types\/post"}],"author":[{"embeddable":true,"href":"https:\/\/infovera.com.ar\/web\/wp-json\/wp\/v2\/users\/3"}],"replies":[{"embeddable":true,"href":"https:\/\/infovera.com.ar\/web\/wp-json\/wp\/v2\/comments?post=30277"}],"version-history":[{"count":0,"href":"https:\/\/infovera.com.ar\/web\/wp-json\/wp\/v2\/posts\/30277\/revisions"}],"wp:featuredmedia":[{"embeddable":true,"href":"https:\/\/infovera.com.ar\/web\/wp-json\/wp\/v2\/media\/30278"}],"wp:attachment":[{"href":"https:\/\/infovera.com.ar\/web\/wp-json\/wp\/v2\/media?parent=30277"}],"wp:term":[{"taxonomy":"category","embeddable":true,"href":"https:\/\/infovera.com.ar\/web\/wp-json\/wp\/v2\/categories?post=30277"},{"taxonomy":"post_tag","embeddable":true,"href":"https:\/\/infovera.com.ar\/web\/wp-json\/wp\/v2\/tags?post=30277"}],"curies":[{"name":"wp","href":"https:\/\/api.w.org\/{rel}","templated":true}]}}