{"id":30259,"date":"2021-12-17T10:16:24","date_gmt":"2021-12-17T13:16:24","guid":{"rendered":"https:\/\/infovera.com.ar\/web\/?p=30259"},"modified":"2021-12-17T19:35:59","modified_gmt":"2021-12-17T22:35:59","slug":"diputados-aprobo-la-ley-de-excepcioes-de-pase-a-planta-permanente","status":"publish","type":"post","link":"https:\/\/infovera.com.ar\/web\/2021\/12\/17\/diputados-aprobo-la-ley-de-excepcioes-de-pase-a-planta-permanente\/","title":{"rendered":"Diputados aprob\u00f3 la ley de excepciones de pase a planta permanente"},"content":{"rendered":"<p><strong>El Sindicato de M\u00e9dicos de la Rep\u00fablica Argentina (AMRA) Seccional Santa Fe inform\u00f3 con agrado que la C\u00e1mara de Diputados de la Provincia aprob\u00f3 en el d\u00eda de la fecha la Ley de excepciones de pase a planta permanente.<\/strong><\/p>\n<p>A partir de esta aprobaci\u00f3n legislativa todos los profesionales de la salud, independientemente de la edad y del tiempo de recibido, que hayan ingresado a a trabajar al estado provincial antes del 30 de diciembre de 2018, pasar\u00e1n a ser empleados de planta permanente con todos los derechos laborales que corresponden.<\/p>\n<p>&#8220;Como Gremio representante de todos los profesionales de la salud es una gran satisfacci\u00f3n que esto se haya concretado, ya que si no fuera por el esfuerzo nuestro y de cada uno de los compa\u00f1eros y compa\u00f1eras que lucharon y presionaron por la causa, no hubi\u00e9ramos podido hacer cumplir lo que estipulaba el acuerdo paritario firmado en septiembre de 2020&#8221;, expres\u00f3 Amra.<\/p>\n","protected":false},"excerpt":{"rendered":"<p>El Sindicato de M\u00e9dicos de la Rep\u00fablica Argentina (AMRA) Seccional Santa Fe inform\u00f3 con agrado que la C\u00e1mara de Diputados de la Provincia aprob\u00f3 en el d\u00eda de la fecha la Ley de excepciones de pase a planta permanente. A partir de esta aprobaci\u00f3n legislativa todos los profesionales de la salud, independientemente de la edad [&hellip;]<\/p>\n","protected":false},"author":3,"featured_media":30260,"comment_status":"closed","ping_status":"closed","sticky":false,"template":"","format":"standard","meta":{"_joinchat":[],"footnotes":""},"categories":[66],"tags":[],"class_list":{"0":"post-30259","1":"post","2":"type-post","3":"status-publish","4":"format-standard","5":"has-post-thumbnail","7":"category-politica"},"_links":{"self":[{"href":"https:\/\/infovera.com.ar\/web\/wp-json\/wp\/v2\/posts\/30259","targetHints":{"allow":["GET"]}}],"collection":[{"href":"https:\/\/infovera.com.ar\/web\/wp-json\/wp\/v2\/posts"}],"about":[{"href":"https:\/\/infovera.com.ar\/web\/wp-json\/wp\/v2\/types\/post"}],"author":[{"embeddable":true,"href":"https:\/\/infovera.com.ar\/web\/wp-json\/wp\/v2\/users\/3"}],"replies":[{"embeddable":true,"href":"https:\/\/infovera.com.ar\/web\/wp-json\/wp\/v2\/comments?post=30259"}],"version-history":[{"count":0,"href":"https:\/\/infovera.com.ar\/web\/wp-json\/wp\/v2\/posts\/30259\/revisions"}],"wp:featuredmedia":[{"embeddable":true,"href":"https:\/\/infovera.com.ar\/web\/wp-json\/wp\/v2\/media\/30260"}],"wp:attachment":[{"href":"https:\/\/infovera.com.ar\/web\/wp-json\/wp\/v2\/media?parent=30259"}],"wp:term":[{"taxonomy":"category","embeddable":true,"href":"https:\/\/infovera.com.ar\/web\/wp-json\/wp\/v2\/categories?post=30259"},{"taxonomy":"post_tag","embeddable":true,"href":"https:\/\/infovera.com.ar\/web\/wp-json\/wp\/v2\/tags?post=30259"}],"curies":[{"name":"wp","href":"https:\/\/api.w.org\/{rel}","templated":true}]}}