{"id":30214,"date":"2021-12-16T11:05:21","date_gmt":"2021-12-16T14:05:21","guid":{"rendered":"https:\/\/infovera.com.ar\/web\/?p=30214"},"modified":"2021-12-17T10:20:13","modified_gmt":"2021-12-17T13:20:13","slug":"oscar-gimenez-el-asesino-de-marina-paiva-logro-la-prision-domiciliaria","status":"publish","type":"post","link":"https:\/\/infovera.com.ar\/web\/2021\/12\/16\/oscar-gimenez-el-asesino-de-marina-paiva-logro-la-prision-domiciliaria\/","title":{"rendered":"Oscar Gim\u00e9nez, el cruel asesino de Marina Paiva, logr\u00f3 la prisi\u00f3n domiciliaria"},"content":{"rendered":"<div class=\"story\">\n<p class=\"x-texto\"><strong>Oscar Feliciano Gim\u00e9nez, de 73 a\u00f1os, fue beneficiado con prisi\u00f3n domiciliaria por la justicia verense en una audiencia que realiz\u00f3 por Zoom en la jornada del jueves.<\/strong><\/p>\n<p>El asesino de Marina Paiva cumplir\u00e1 la detenci\u00f3n morigerada en un domiciolio de Suardi, departamento San Crist\u00f3bal.<\/p>\n<p>Al respecto y ante la noticia, el fiscal Nicol\u00e1s Maglier dijo a InfoVera que &#8220;cuando una persona se encuentra dentro de las hip\u00f3tesis que contempla el art\u00edculo 10 del C\u00f3digo Penal lo que corresponde es el otorgamiento de la prisi\u00f3n domiciliaria&#8221;.<\/p>\n<p>El funcionario judicial dej\u00f3 en claro que &#8220;esto lo hice saber de antemano a la familia, porque indefectiblemente la decisi\u00f3n del juez iba a ser esa porque es una persona de 73 a\u00f1os con problemas de salud. M\u00e1s all\u00e1 del <strong>crimen aberrante<\/strong> que cometi\u00f3 y que seguramente <strong>va a repercutir en su conciencia por el resto de sus d\u00edas<\/strong>, lo cierto es que todos los informes en correlaci\u00f3n con lo que establece la ley eran positivos&#8221;.<\/p>\n<p>El integrante de la Unidad Fiscal Vera a\u00f1adi\u00f3 que &#8220;tambi\u00e9n era favorable el informe del Servicio Penitenciario porque no hay ninguna posibilidad legal de objetar esa prisi\u00f3n domiciliaria, m\u00e1xime cuando ven\u00edamos oponi\u00e9ndonos por una cuesti\u00f3n que era la residencia fijada&#8221;<\/p>\n<p>Pero como fij\u00f3 residencia a 242 kil\u00f3metros de la localidad de Calchaqu\u00ed, donde habitan los familiares de la v\u00edctima, &#8220;no hay ninguna posibilidad legal de obturar la medida adoptada&#8221;, concluy\u00f3.<\/p>\n<p><strong>A quemarropa<\/strong><\/p>\n<p>Gim\u00e9nez dio muerte a Marina Gabriela Paiva en la madrugada del 21 de diciembre de 2013 en la ciudad de Calchaqu\u00ed, en el departamento Vera. La ejecut\u00f3 con dos tiros de escopeta.<\/p>\n<p class=\"x-texto\">El hecho ocurri\u00f3 en Calchaqu\u00ed se produjo a la 1.15 de la ma\u00f1ana del s\u00e1bado 21 de diciembre de 2013, cuando Marina Gabriela Paiva transitaba en moto por Bulevar Belgrano, entre las calles Ituzaing\u00f3 y Agust\u00edn P. Justo, y fue alcanzada por Gim\u00e9nez, que con una escopeta calibre 12 mm. dispar\u00f3 dos veces contra la v\u00edctima impactando una perdigonada en el casco y la segunda y fatal en la espalda. Fue trasladada al hospital local donde falleci\u00f3 a causa de las graves heridas y casi de inmediato, Gim\u00e9nez fue detenido con el arma todav\u00eda en su poder.<\/p>\n<p class=\"x-texto\">Gim\u00e9nez asumi\u00f3 la culpa por el homicidio de la joven, lo que le vali\u00f3 que el juez penal Virgilio Palud ratificara un acuerdo de juicio abreviado en el que Gim\u00e9nez acept\u00f3 la condena a 19 a\u00f1os de prisi\u00f3n por el delito de \u201chomicidio agravado, por haber sido cometido contra una persona con relaci\u00f3n de pareja, por alevos\u00eda y por el uso de arma de fuego\u201d.<\/p>\n<\/div>\n<p><img loading=\"lazy\" decoding=\"async\" class=\" wp-image-22351 aligncenter\" src=\"https:\/\/infovera.com.ar\/web\/wp-content\/uploads\/2021\/06\/ACOSTA-3-300x54.jpg\" alt=\"\" width=\"739\" height=\"133\" srcset=\"https:\/\/infovera.com.ar\/web\/wp-content\/uploads\/2021\/06\/ACOSTA-3-300x54.jpg 300w, https:\/\/infovera.com.ar\/web\/wp-content\/uploads\/2021\/06\/ACOSTA-3.jpg 670w\" sizes=\"auto, (max-width: 739px) 100vw, 739px\" \/><\/p>\n","protected":false},"excerpt":{"rendered":"<p>Oscar Feliciano Gim\u00e9nez, de 73 a\u00f1os, fue beneficiado con prisi\u00f3n domiciliaria por la justicia verense en una audiencia que realiz\u00f3 por Zoom en la jornada del jueves. El asesino de Marina Paiva cumplir\u00e1 la detenci\u00f3n morigerada en un domiciolio de Suardi, departamento San Crist\u00f3bal. Al respecto y ante la noticia, el fiscal Nicol\u00e1s Maglier dijo [&hellip;]<\/p>\n","protected":false},"author":3,"featured_media":30215,"comment_status":"closed","ping_status":"closed","sticky":false,"template":"","format":"standard","meta":{"_joinchat":[],"footnotes":""},"categories":[52,30],"tags":[],"class_list":{"0":"post-30214","1":"post","2":"type-post","3":"status-publish","4":"format-standard","5":"has-post-thumbnail","7":"category-calchaqui","8":"category-policiales"},"_links":{"self":[{"href":"https:\/\/infovera.com.ar\/web\/wp-json\/wp\/v2\/posts\/30214","targetHints":{"allow":["GET"]}}],"collection":[{"href":"https:\/\/infovera.com.ar\/web\/wp-json\/wp\/v2\/posts"}],"about":[{"href":"https:\/\/infovera.com.ar\/web\/wp-json\/wp\/v2\/types\/post"}],"author":[{"embeddable":true,"href":"https:\/\/infovera.com.ar\/web\/wp-json\/wp\/v2\/users\/3"}],"replies":[{"embeddable":true,"href":"https:\/\/infovera.com.ar\/web\/wp-json\/wp\/v2\/comments?post=30214"}],"version-history":[{"count":0,"href":"https:\/\/infovera.com.ar\/web\/wp-json\/wp\/v2\/posts\/30214\/revisions"}],"wp:featuredmedia":[{"embeddable":true,"href":"https:\/\/infovera.com.ar\/web\/wp-json\/wp\/v2\/media\/30215"}],"wp:attachment":[{"href":"https:\/\/infovera.com.ar\/web\/wp-json\/wp\/v2\/media?parent=30214"}],"wp:term":[{"taxonomy":"category","embeddable":true,"href":"https:\/\/infovera.com.ar\/web\/wp-json\/wp\/v2\/categories?post=30214"},{"taxonomy":"post_tag","embeddable":true,"href":"https:\/\/infovera.com.ar\/web\/wp-json\/wp\/v2\/tags?post=30214"}],"curies":[{"name":"wp","href":"https:\/\/api.w.org\/{rel}","templated":true}]}}