{"id":30169,"date":"2021-12-15T07:25:51","date_gmt":"2021-12-15T10:25:51","guid":{"rendered":"https:\/\/infovera.com.ar\/web\/?p=30169"},"modified":"2021-12-15T18:34:32","modified_gmt":"2021-12-15T21:34:32","slug":"historico-la-gallareta-ya-cuenta-con-cajero-automatico","status":"publish","type":"post","link":"https:\/\/infovera.com.ar\/web\/2021\/12\/15\/historico-la-gallareta-ya-cuenta-con-cajero-automatico\/","title":{"rendered":"Hist\u00f3rico: La Gallareta ya cuenta con cajero autom\u00e1tico"},"content":{"rendered":"<p><strong>En la tarde de ayer, la Comisi\u00f3n Comunal de La Gallareta inaugur\u00f3 el CajeroAutom\u00e1tico. <\/strong><\/p>\n<p>El presidente comunal Fernando Nicola sostuvo que es &#8220;una gesti\u00f3n que beneficiar\u00e1 la econom\u00eda local y le dar\u00e1 impulso a los comercios locales&#8221;.<\/p>\n<p>Una serie importante de beneficios para la econom\u00eda dom\u00e9stica comenz\u00f3 a hacerse realidad con este logro, cuya gesti\u00f3n hab\u00eda sido asumida por Nicola y su equipo para que, en base a la ejecuci\u00f3n de pol\u00edticas p\u00fablicas, La Gallareta contin\u00fae por las sendas del progreso.<\/p>\n","protected":false},"excerpt":{"rendered":"<p>En la tarde de ayer, la Comisi\u00f3n Comunal de La Gallareta inaugur\u00f3 el CajeroAutom\u00e1tico. El presidente comunal Fernando Nicola sostuvo que es &#8220;una gesti\u00f3n que beneficiar\u00e1 la econom\u00eda local y le dar\u00e1 impulso a los comercios locales&#8221;. Una serie importante de beneficios para la econom\u00eda dom\u00e9stica comenz\u00f3 a hacerse realidad con este logro, cuya gesti\u00f3n [&hellip;]<\/p>\n","protected":false},"author":3,"featured_media":30170,"comment_status":"closed","ping_status":"closed","sticky":false,"template":"","format":"standard","meta":{"_joinchat":[],"footnotes":""},"categories":[51],"tags":[],"class_list":{"0":"post-30169","1":"post","2":"type-post","3":"status-publish","4":"format-standard","5":"has-post-thumbnail","7":"category-locales"},"_links":{"self":[{"href":"https:\/\/infovera.com.ar\/web\/wp-json\/wp\/v2\/posts\/30169","targetHints":{"allow":["GET"]}}],"collection":[{"href":"https:\/\/infovera.com.ar\/web\/wp-json\/wp\/v2\/posts"}],"about":[{"href":"https:\/\/infovera.com.ar\/web\/wp-json\/wp\/v2\/types\/post"}],"author":[{"embeddable":true,"href":"https:\/\/infovera.com.ar\/web\/wp-json\/wp\/v2\/users\/3"}],"replies":[{"embeddable":true,"href":"https:\/\/infovera.com.ar\/web\/wp-json\/wp\/v2\/comments?post=30169"}],"version-history":[{"count":0,"href":"https:\/\/infovera.com.ar\/web\/wp-json\/wp\/v2\/posts\/30169\/revisions"}],"wp:featuredmedia":[{"embeddable":true,"href":"https:\/\/infovera.com.ar\/web\/wp-json\/wp\/v2\/media\/30170"}],"wp:attachment":[{"href":"https:\/\/infovera.com.ar\/web\/wp-json\/wp\/v2\/media?parent=30169"}],"wp:term":[{"taxonomy":"category","embeddable":true,"href":"https:\/\/infovera.com.ar\/web\/wp-json\/wp\/v2\/categories?post=30169"},{"taxonomy":"post_tag","embeddable":true,"href":"https:\/\/infovera.com.ar\/web\/wp-json\/wp\/v2\/tags?post=30169"}],"curies":[{"name":"wp","href":"https:\/\/api.w.org\/{rel}","templated":true}]}}