{"id":30159,"date":"2021-12-14T18:00:04","date_gmt":"2021-12-14T21:00:04","guid":{"rendered":"https:\/\/infovera.com.ar\/web\/?p=30159"},"modified":"2021-12-14T18:00:34","modified_gmt":"2021-12-14T21:00:34","slug":"paula-mitre-hablo-sobre-bolsones-navidenos-carnavales-y-el-presupuesto-2022","status":"publish","type":"post","link":"https:\/\/infovera.com.ar\/web\/2021\/12\/14\/paula-mitre-hablo-sobre-bolsones-navidenos-carnavales-y-el-presupuesto-2022\/","title":{"rendered":"Paula Mitre habl\u00f3 sobre bolsones navide\u00f1os, carnavales y el presupuesto 2022"},"content":{"rendered":"<p style=\"font-weight: 400;\"><strong>\u201cEs necesario que municipio y vecinos trabajemos unidos entendiendo que una sociedad que acierta en la comprensi\u00f3n de sus prioridades genera certidumbre para presente\u00a0 y para el futuro\u201d<\/strong><\/p>\n<p style=\"font-weight: 400;\">\u00a0\u201cDiciembre es un mes muy particular y todos sabemos el costo de vida y las dificultades que atraviesan los hogares sin recursos estables\u201d, dijo la intendente Paula Mitre en una entrevista con Letyana Press.<\/p>\n<p style=\"font-weight: 400;\">Se mostr\u00f3 convencida de que el municipio debe apuntar su accionar en diferentes direcciones; atender los servicios b\u00e1sicos, realizar las obras que mejoren la calidad de vida y alentar las iniciativas que generen una mayor actividad econ\u00f3mica local.<\/p>\n<p style=\"font-weight: 400;\">\u201cDebemos promover la expresiones culturales, deportivas y sociales, pero sin descuidar la situaci\u00f3n de vulnerabilidad que soportan muchos sectores de la comunidad como producto de la pandemia y la falta de trabajo\u201d, se\u00f1al\u00f3.<\/p>\n<p style=\"font-weight: 400;\"><strong>Bolsones Navide\u00f1os<\/strong><\/p>\n<p style=\"font-weight: 400;\">Atendiendo a este \u00faltimo punto, Mitre decidi\u00f3 hacer un aporte solidario a 1000 familias, que ya han sido relevadas por el \u00e1rea de Desarrollo Humano, las que recibir\u00e1n un m\u00f3dulo alimentario que incluye productos navide\u00f1os.<\/p>\n<p style=\"font-weight: 400;\">\u201cEste esfuerzo demandar\u00e1 una erogaci\u00f3n de $ 2,5 millones derivados de las distintas penalidades que cobra el municipio\u201d, agreg\u00f3.<\/p>\n<p style=\"font-weight: 400;\">Aclar\u00f3 que la entrega ser\u00e1 casa por casa y estar\u00e1 a cargo de personal municipal; \u201cel trabajo previo ya est\u00e1 realizado as\u00ed que no hay que hacer ning\u00fan tr\u00e1mite adicional ni concurrir al municipio\u201d.<\/p>\n<p style=\"font-weight: 400;\"><strong>Carnavales<\/strong><\/p>\n<p style=\"font-weight: 400;\">Con relaci\u00f3n a los Carnavales anunci\u00f3 que convocar\u00e1 a los representantes de las comparsas, con vista a la visita que el ministro de Cultura de la Provincia Jorge Llonch realizar\u00e1 el jueves a nuestra ciudad y con quien se analizar\u00e1n las pautas establecidas para la organizaci\u00f3n de un evento multitudinario y de acuerdo al comportamiento de la pandemia.<\/p>\n<p style=\"font-weight: 400;\">Dijo entender \u201cla ansiedad de los verenses y de las mismas comparsas que est\u00e1n trabajando de la mejor manera para reaparecer con todo esplendor despu\u00e9s de las restricciones impuestas por la cuarentena\u201d.<\/p>\n<p style=\"font-weight: 400;\">\u201cEstamos dispuestos a generar el mejor escenario para orgullo de todos los verenses\u201d, dijo cerrando el tema.<\/p>\n<p style=\"font-weight: 400;\"><strong>El presupuesto apunta al Desarrollo Productivo<\/strong><\/p>\n<p style=\"font-weight: 400;\">Luego se refiri\u00f3 al nuevo Concejo Municipal que tiene dos proyectos importantes, como lo son el Presupuesto 2022 y la Ordenanza Tributaria.<\/p>\n<p style=\"font-weight: 400;\">Reconoci\u00f3 que \u201cla realidad los oblig\u00f3 a establecer un nuevo orden de prioridades condicionadas por el acecho de la pandemia, el lento repunte de la econom\u00eda y la inflaci\u00f3n que volatiliza los recursos\u201d.<\/p>\n<p style=\"font-weight: 400;\">Record\u00f3 que \u201cen estos dos a\u00f1os de gobierno se hizo una fuerte inversi\u00f3n en maquinarias, se ordenaron las finanzas y se lograron metas de gobierno en materia de obras, servicios p\u00fablicos, desarrollo humano y finanzas\u201d.<\/p>\n<p style=\"font-weight: 400;\">\u201cEste es el momento de ocuparnos del desarrollo productivo, incentivando la tarea de los peque\u00f1os y medianos emprendedores, lo que beneficiar\u00e1 el crecimiento econ\u00f3mico y la generaci\u00f3n de empleo\u201d, asegur\u00f3.<\/p>\n<p style=\"font-weight: 400;\">Adelant\u00f3 que el nuevo presupuesto contempla refuerzos en las partidas asignadas para Cultura y Deportes, pero en el \u00e1rea de Desarrollo Productivo se ha incluido una partida de casi $ 31 millones para capacitaci\u00f3n y ayuda a emprendedores privados que inicien o necesiten expandirse para crecer.<\/p>\n<p style=\"font-weight: 400;\">Conf\u00eda en que esta impronta contribuya a fortalecer el desarrollo econ\u00f3mico de la ciudad y, por consecuencia, facilite la generaci\u00f3n de nuevos puestos de trabajo.<\/p>\n<p style=\"font-weight: 400;\">Finalmente, expres\u00f3 el fuerte deseo del acompa\u00f1amiento de todos los verenses para este nuevo desaf\u00edo de manera que logremos \u201cun enlace arm\u00f3nico y positivo entre un municipio presente y solidario con una actividad privada pujante y vigorosa\u201d.<\/p>\n<p>&nbsp;<\/p>\n<p>Letyana Press<\/p>\n","protected":false},"excerpt":{"rendered":"<p>\u201cEs necesario que municipio y vecinos trabajemos unidos entendiendo que una sociedad que acierta en la comprensi\u00f3n de sus prioridades genera certidumbre para presente\u00a0 y para el futuro\u201d \u00a0\u201cDiciembre es un mes muy particular y todos sabemos el costo de vida y las dificultades que atraviesan los hogares sin recursos estables\u201d, dijo la intendente Paula [&hellip;]<\/p>\n","protected":false},"author":3,"featured_media":30160,"comment_status":"closed","ping_status":"closed","sticky":false,"template":"","format":"standard","meta":{"_joinchat":[],"footnotes":""},"categories":[51,53],"tags":[],"class_list":{"0":"post-30159","1":"post","2":"type-post","3":"status-publish","4":"format-standard","5":"has-post-thumbnail","7":"category-locales","8":"category-vera"},"_links":{"self":[{"href":"https:\/\/infovera.com.ar\/web\/wp-json\/wp\/v2\/posts\/30159","targetHints":{"allow":["GET"]}}],"collection":[{"href":"https:\/\/infovera.com.ar\/web\/wp-json\/wp\/v2\/posts"}],"about":[{"href":"https:\/\/infovera.com.ar\/web\/wp-json\/wp\/v2\/types\/post"}],"author":[{"embeddable":true,"href":"https:\/\/infovera.com.ar\/web\/wp-json\/wp\/v2\/users\/3"}],"replies":[{"embeddable":true,"href":"https:\/\/infovera.com.ar\/web\/wp-json\/wp\/v2\/comments?post=30159"}],"version-history":[{"count":0,"href":"https:\/\/infovera.com.ar\/web\/wp-json\/wp\/v2\/posts\/30159\/revisions"}],"wp:featuredmedia":[{"embeddable":true,"href":"https:\/\/infovera.com.ar\/web\/wp-json\/wp\/v2\/media\/30160"}],"wp:attachment":[{"href":"https:\/\/infovera.com.ar\/web\/wp-json\/wp\/v2\/media?parent=30159"}],"wp:term":[{"taxonomy":"category","embeddable":true,"href":"https:\/\/infovera.com.ar\/web\/wp-json\/wp\/v2\/categories?post=30159"},{"taxonomy":"post_tag","embeddable":true,"href":"https:\/\/infovera.com.ar\/web\/wp-json\/wp\/v2\/tags?post=30159"}],"curies":[{"name":"wp","href":"https:\/\/api.w.org\/{rel}","templated":true}]}}