{"id":30096,"date":"2021-12-10T14:39:08","date_gmt":"2021-12-10T17:39:08","guid":{"rendered":"https:\/\/infovera.com.ar\/web\/?p=30096"},"modified":"2021-12-10T14:39:08","modified_gmt":"2021-12-10T17:39:08","slug":"braidot-asumio-la-intendencia-interina-de-avellaneda","status":"publish","type":"post","link":"https:\/\/infovera.com.ar\/web\/2021\/12\/10\/braidot-asumio-la-intendencia-interina-de-avellaneda\/","title":{"rendered":"Braidot asumi\u00f3 la intendencia interina de Avellaneda\u00a0"},"content":{"rendered":"<p><strong>El contador se hizo cargo de la intendencia por la vacancia que dej\u00f3 Scarpin tras jurar como senador nacional.<\/strong><\/p>\n<p>El contador Gonzalo Braidot, concejal electo en noviembre por Juntos por el Cambio, asumi\u00f3 la intendencia en Avellaneda, que quedara vacante tras la toma de posesi\u00f3n del cargo de senador nacional por parte del ahora ex intendente Dionisio Scarpin, que jur\u00f3 en la ma\u00f1ana del jueves en el Congreso Nacional.<\/p>\n<p>El acto oficial tuvo lugar en el sal\u00f3n municipal de actos. En ese \u00e1mbito, se procedi\u00f3 al traspaso de mando de la intendencia. Braidot, tras ser designado en la sesi\u00f3n legislativa del mi\u00e9rcoles 8 de diciembre por unanimidad como presidente del Concejo Municipal, qued\u00f3 formal y legalmente habilitado para asumir la intendencia interina. Esta situaci\u00f3n de reemplazo se extender\u00e1 hasta tanto se convoque a elecciones en los plazos que la ley estipula para dirimir la jefatura pol\u00edtica de la ciudad.<\/p>\n<p>Flanqueado por el senador nacional Dionisio Scarpin y el senador provincial Orfilio Marc\u00f3n, el flamante mandatario dirigi\u00f3 su primer mensaje: \u201c\u201cQueda aqu\u00ed gran parte del equipo de Dionisio trabajando en el mismo sendero que inici\u00f3 desde hace unos a\u00f1os, el camino que marc\u00f3 Delki (Scarpin, padre) continu\u00f3 \u2018Chacho\u2019 (Marc\u00f3n) y \u2018Dioni\u2019 le dio su impronta y nos dej\u00f3 todas las ense\u00f1anzas. Transmitirle tranquilidad a la comunidad de Avellaneda. Llevaremos adelante los destinos de la ciudad, transitando este camino con total predisposici\u00f3n para seguir trabajando con las instituciones y los vecinos en general\u201d.<\/p>\n<p>A su turno, el senador nacional Scarpin se\u00f1al\u00f3 que \u201cel equipo de Avellaneda que me acompa\u00f1ar\u00e1 est\u00e1 conformado por H\u00e9ctor Cucit, Mart\u00edn Ponticelli, Lelia Paul\u00edn, Guillermo Bress\u00e1n y Eduardo Fontana, y les agradezco por aceptar este desaf\u00edo, diferente, que implicar\u00e1 recorrer la provincia, vincularnos con otros municipios y comunas, legisladores y con las instituciones\u201d.<\/p>\n<p>Luego, Braidot explic\u00f3 que, dados los cambios, se incorpora a la Secretar\u00eda de Gobierno y Participaci\u00f3n Ciudadana, Bruno Zanel: \u201c\u00c9l es de Avellaneda, abogado, tiene una gran trayectoria y un importante v\u00ednculo con las instituciones locales. Y, en la Secretar\u00eda de Desarrollo Humano y H\u00e1bitat, asume Yamila Ferreyra, quien ya integra desde hace un tiempo el equipo de trabajo de la gesti\u00f3n municipal\u201d. \u201cAgradezco a ambos por asumir este desaf\u00edo de seguir construyendo juntos la ciudad que so\u00f1amos\u201d, concluy\u00f3 Braidot.<\/p>\n<p>Al finalizar, el senador provincial Orfilio Marc\u00f3n salud\u00f3 \u201cespecialmente a Dionisio (Scarpin) por este gran paso que materializ\u00f3, un desaf\u00edo grande e hist\u00f3rico para la ciudad. Lo propio para Gonzalo (Braidot) por ser electo como presidente del Concejo y hoy, hacerse cargo de la intendencia. Con el respeto que cada uno se merece, quiero decirles a los vecinos que tengan la tranquilidad que son personas que pondr\u00e1n el m\u00e1ximo empe\u00f1o en el trabajo y en hacer las cosas bien\u201d, destac\u00f3 Marc\u00f3n, y augur\u00f3 \u00e9xitos a ambos.<\/p>\n","protected":false},"excerpt":{"rendered":"<p>El contador se hizo cargo de la intendencia por la vacancia que dej\u00f3 Scarpin tras jurar como senador nacional. El contador Gonzalo Braidot, concejal electo en noviembre por Juntos por el Cambio, asumi\u00f3 la intendencia en Avellaneda, que quedara vacante tras la toma de posesi\u00f3n del cargo de senador nacional por parte del ahora ex [&hellip;]<\/p>\n","protected":false},"author":3,"featured_media":30097,"comment_status":"closed","ping_status":"closed","sticky":false,"template":"","format":"standard","meta":{"_joinchat":[],"footnotes":""},"categories":[55],"tags":[],"class_list":{"0":"post-30096","1":"post","2":"type-post","3":"status-publish","4":"format-standard","5":"has-post-thumbnail","7":"category-reconquista"},"_links":{"self":[{"href":"https:\/\/infovera.com.ar\/web\/wp-json\/wp\/v2\/posts\/30096","targetHints":{"allow":["GET"]}}],"collection":[{"href":"https:\/\/infovera.com.ar\/web\/wp-json\/wp\/v2\/posts"}],"about":[{"href":"https:\/\/infovera.com.ar\/web\/wp-json\/wp\/v2\/types\/post"}],"author":[{"embeddable":true,"href":"https:\/\/infovera.com.ar\/web\/wp-json\/wp\/v2\/users\/3"}],"replies":[{"embeddable":true,"href":"https:\/\/infovera.com.ar\/web\/wp-json\/wp\/v2\/comments?post=30096"}],"version-history":[{"count":0,"href":"https:\/\/infovera.com.ar\/web\/wp-json\/wp\/v2\/posts\/30096\/revisions"}],"wp:featuredmedia":[{"embeddable":true,"href":"https:\/\/infovera.com.ar\/web\/wp-json\/wp\/v2\/media\/30097"}],"wp:attachment":[{"href":"https:\/\/infovera.com.ar\/web\/wp-json\/wp\/v2\/media?parent=30096"}],"wp:term":[{"taxonomy":"category","embeddable":true,"href":"https:\/\/infovera.com.ar\/web\/wp-json\/wp\/v2\/categories?post=30096"},{"taxonomy":"post_tag","embeddable":true,"href":"https:\/\/infovera.com.ar\/web\/wp-json\/wp\/v2\/tags?post=30096"}],"curies":[{"name":"wp","href":"https:\/\/api.w.org\/{rel}","templated":true}]}}