{"id":30079,"date":"2021-12-10T11:59:13","date_gmt":"2021-12-10T14:59:13","guid":{"rendered":"https:\/\/infovera.com.ar\/web\/?p=30079"},"modified":"2021-12-13T07:27:05","modified_gmt":"2021-12-13T10:27:05","slug":"asumen-autoridades-electas-en-noviembre-donde-tartagal-fue-la-excepcion-a-la-regla","status":"publish","type":"post","link":"https:\/\/infovera.com.ar\/web\/2021\/12\/10\/asumen-autoridades-electas-en-noviembre-donde-tartagal-fue-la-excepcion-a-la-regla\/","title":{"rendered":"Asumen autoridades electas en noviembre donde Tartagal fue la excepci\u00f3n a la regla\u00a0"},"content":{"rendered":"<p><strong>La localidad del norte verense fue la \u00fanica que cambi\u00f3 de manos. En el resto de los distritos se impusieron las reelecciones.<\/strong><\/p>\n<p>La elecci\u00f3n general de noviembre tuvo como denominador com\u00fan las reelecciones de la inmensa mayor\u00eda de los presidentes de comuna que iban por revalidar sus cargos, al punto que en el universo de 16 comunas que conforman General Obligado y 11 comunas que integran Vera solo Tartagal fue la excepci\u00f3n a la regla general.<\/p>\n<p>En ese distrito este\u00f1o del departamento Vera, la oposici\u00f3n de Juntos por el Cambio liderada Nelson Elham obtuvo el triunfo con 782 votos, contra los 685 de Ram\u00f3n Ledesma del Frente de Todos, que de esta manera resign\u00f3 su continuidad al frente de la administraci\u00f3n comunal del pueblo con pasado forestal.<\/p>\n<p>En el resto de las localidades, las reelecciones estuvieron al orden del d\u00eda. Aunque luego, a la hora de los balances, hubo casos como el de Ca\u00f1ada Omb\u00fa donde el reelecto titular comunal Armando Quintana pas\u00f3 del Frente Progresista al PJ y aquel distrito norte\u00f1o termin\u00f3 figurando como una \u201ccomuna recuperada\u201d por el oficialismo.<\/p>\n<p>Por estas horas y hasta el viernes inclusive est\u00e1n previstos los actos de toma de posesi\u00f3n de cargos electivos en los diferentes municipios y comunas de la regi\u00f3n norte. Desde Calchaqu\u00ed hasta Florencia son 26 los concejales electos que asumir\u00e1n sus respectivas bancas, en tanto que en Las Toscas adem\u00e1s el reelecto intendente Leandro Chamorro (ex Frente Progresista y actual Juntos por el Cambio) jurar\u00e1 su cuarto mandato.<\/p>\n<p>En Vera, en la tarde del jueves asumieron su bancas los concejales electos: Nancy Senn, Marcos Rubianes y Reynaldo Fabbroni. En Garabato, asumi\u00f3 Belkis Villalba su nuevo mandato, hoy asume en La Gallareta por un nuevo per\u00edodo Fernando Nicola, y as\u00ed suceder\u00e1 en el resto de los distritos. En Calchaqu\u00ed, el acto tendr\u00e1 lugar este viernes a las 20 en el recinto del Concejo.<\/p>\n<p><strong>San Justo<\/strong><\/p>\n<p>Por su parte, Hacemos Santa Fe fue el partido m\u00e1s votado en las elecciones generales en el departamento San Justo. El oficialismo provincial logr\u00f3 9.268 votos en los 18 distritos que vertebran el territorio departamental, contra 8.093 del Frente Progresista, que se vio relegado al segundo lugar.<\/p>\n<p>Con una diferencia a favor de 1.175 sufragios, Hacemos Santa Fe mostr\u00f3 una consolidaci\u00f3n pol\u00edtica a lo largo y ancho del departamento, sostenida con acciones de gobierno que priorizaron la infraestructura p\u00fablica, la educaci\u00f3n y la promoci\u00f3n social de los habitantes, que le permiti\u00f3 obtener triunfos contundentes y volver a gobernar La Criolla, Ramay\u00f3n y Nar\u00e9. Un dato de color se dio en Colonia Dolores, donde el FPCyS gan\u00f3 la comuna por \u00a1un voto! y destron\u00f3 al PJ que conduc\u00eda los destinos del pueblo.<\/p>\n","protected":false},"excerpt":{"rendered":"<p>La localidad del norte verense fue la \u00fanica que cambi\u00f3 de manos. En el resto de los distritos se impusieron las reelecciones. La elecci\u00f3n general de noviembre tuvo como denominador com\u00fan las reelecciones de la inmensa mayor\u00eda de los presidentes de comuna que iban por revalidar sus cargos, al punto que en el universo de [&hellip;]<\/p>\n","protected":false},"author":3,"featured_media":30080,"comment_status":"closed","ping_status":"closed","sticky":false,"template":"","format":"standard","meta":{"_joinchat":[],"footnotes":""},"categories":[51],"tags":[],"class_list":{"0":"post-30079","1":"post","2":"type-post","3":"status-publish","4":"format-standard","5":"has-post-thumbnail","7":"category-locales"},"_links":{"self":[{"href":"https:\/\/infovera.com.ar\/web\/wp-json\/wp\/v2\/posts\/30079","targetHints":{"allow":["GET"]}}],"collection":[{"href":"https:\/\/infovera.com.ar\/web\/wp-json\/wp\/v2\/posts"}],"about":[{"href":"https:\/\/infovera.com.ar\/web\/wp-json\/wp\/v2\/types\/post"}],"author":[{"embeddable":true,"href":"https:\/\/infovera.com.ar\/web\/wp-json\/wp\/v2\/users\/3"}],"replies":[{"embeddable":true,"href":"https:\/\/infovera.com.ar\/web\/wp-json\/wp\/v2\/comments?post=30079"}],"version-history":[{"count":0,"href":"https:\/\/infovera.com.ar\/web\/wp-json\/wp\/v2\/posts\/30079\/revisions"}],"wp:featuredmedia":[{"embeddable":true,"href":"https:\/\/infovera.com.ar\/web\/wp-json\/wp\/v2\/media\/30080"}],"wp:attachment":[{"href":"https:\/\/infovera.com.ar\/web\/wp-json\/wp\/v2\/media?parent=30079"}],"wp:term":[{"taxonomy":"category","embeddable":true,"href":"https:\/\/infovera.com.ar\/web\/wp-json\/wp\/v2\/categories?post=30079"},{"taxonomy":"post_tag","embeddable":true,"href":"https:\/\/infovera.com.ar\/web\/wp-json\/wp\/v2\/tags?post=30079"}],"curies":[{"name":"wp","href":"https:\/\/api.w.org\/{rel}","templated":true}]}}