{"id":30048,"date":"2021-12-09T09:04:21","date_gmt":"2021-12-09T12:04:21","guid":{"rendered":"https:\/\/infovera.com.ar\/web\/?p=30048"},"modified":"2021-12-09T09:04:21","modified_gmt":"2021-12-09T12:04:21","slug":"entregaron-moviles-policiales-para-san-justo-crespo-videla-y-la-criolla","status":"publish","type":"post","link":"https:\/\/infovera.com.ar\/web\/2021\/12\/09\/entregaron-moviles-policiales-para-san-justo-crespo-videla-y-la-criolla\/","title":{"rendered":"Entregaron m\u00f3viles policiales para San Justo, Crespo, Videla y La Criolla"},"content":{"rendered":"<p><strong>Se llev\u00f3 a cabo sobre calle 9 de Julio, frente al edificio de la Unidad Regional XVI de la ciudad de San Justo, la ceremonia de entrega de 4 camionetas doble cabina 0 KM,<\/strong> marca Volkswagen Amarok y 01 Minibus 0 Km Marca Mercedes Benz Sprinter, unidades equipadas como patrulleros que ser\u00e1n destinadas a dependencias de esta Unidad Regional para el desarrollo de funciones policiales operativas.<\/p>\n<p>La ceremonia fue presidida por el secretario de Gesti\u00f3n Social e Institucional de Seguridad, Magister Bruno Rossini, y estuvieron presentes, adem\u00e1s, el coordinador de Seguridad Local del Ministerio de Seguridad, abogado Nicol\u00e1s Nardoni, el subsecretario de Pol\u00edticas de Inclusi\u00f3n y Desarrollo Territorial Santiago Fellipof, el jefe de la Unidad Regional XVI, Subdirector de Polic\u00eda Eduardo Arias, el subjefe, Subdirector de Polic\u00eda, Cristian Mangini.<\/p>\n<p>Adem\u00e1s, se cont\u00f3 con la participaci\u00f3n del secretario de Gobierno de San Justo, Diego Palmier, el presidente Comunal de Gobernador Crespo, Luciano Lemaire y la presidente Comunal de Videla, Mar\u00eda Eva Gonz\u00e1lez. Acompa\u00f1aron el acto protocolar losj efes de Plana Mayor, Plana Mayor Especial y Jefes de Zona de esta U.R. XVI, como as\u00ed, los distintos medios de prensa de esta ciudad.<\/p>\n<p>El destino al que ser\u00e1n asignadas estas nuevas unidades policiales, son: Comisar\u00eda 2\u00b0 San Justo, Comisar\u00eda 3\u00b0 Gobernador Crespo, Comisar\u00eda 4\u00b0 Videla y Comisar\u00eda 7\u00b0 La Criolla. En tanto el minib\u00fas ser\u00e1 para prop\u00f3sitos generales de laU.R. XVI, renov\u00e1ndose de esta manera el parque automotor de esta repartici\u00f3n policial mediante el aporte a la seguridad que realiza el Gobierno de Santa Fe, encontr\u00e1ndose estos veh\u00edculos contemplados en el Plan de Inversi\u00f3n Policial.<\/p>\n","protected":false},"excerpt":{"rendered":"<p>Se llev\u00f3 a cabo sobre calle 9 de Julio, frente al edificio de la Unidad Regional XVI de la ciudad de San Justo, la ceremonia de entrega de 4 camionetas doble cabina 0 KM, marca Volkswagen Amarok y 01 Minibus 0 Km Marca Mercedes Benz Sprinter, unidades equipadas como patrulleros que ser\u00e1n destinadas a dependencias [&hellip;]<\/p>\n","protected":false},"author":3,"featured_media":30051,"comment_status":"closed","ping_status":"closed","sticky":false,"template":"","format":"standard","meta":{"_joinchat":[],"footnotes":""},"categories":[51],"tags":[],"class_list":{"0":"post-30048","1":"post","2":"type-post","3":"status-publish","4":"format-standard","5":"has-post-thumbnail","7":"category-locales"},"_links":{"self":[{"href":"https:\/\/infovera.com.ar\/web\/wp-json\/wp\/v2\/posts\/30048","targetHints":{"allow":["GET"]}}],"collection":[{"href":"https:\/\/infovera.com.ar\/web\/wp-json\/wp\/v2\/posts"}],"about":[{"href":"https:\/\/infovera.com.ar\/web\/wp-json\/wp\/v2\/types\/post"}],"author":[{"embeddable":true,"href":"https:\/\/infovera.com.ar\/web\/wp-json\/wp\/v2\/users\/3"}],"replies":[{"embeddable":true,"href":"https:\/\/infovera.com.ar\/web\/wp-json\/wp\/v2\/comments?post=30048"}],"version-history":[{"count":0,"href":"https:\/\/infovera.com.ar\/web\/wp-json\/wp\/v2\/posts\/30048\/revisions"}],"wp:featuredmedia":[{"embeddable":true,"href":"https:\/\/infovera.com.ar\/web\/wp-json\/wp\/v2\/media\/30051"}],"wp:attachment":[{"href":"https:\/\/infovera.com.ar\/web\/wp-json\/wp\/v2\/media?parent=30048"}],"wp:term":[{"taxonomy":"category","embeddable":true,"href":"https:\/\/infovera.com.ar\/web\/wp-json\/wp\/v2\/categories?post=30048"},{"taxonomy":"post_tag","embeddable":true,"href":"https:\/\/infovera.com.ar\/web\/wp-json\/wp\/v2\/tags?post=30048"}],"curies":[{"name":"wp","href":"https:\/\/api.w.org\/{rel}","templated":true}]}}