{"id":30042,"date":"2021-12-09T08:31:26","date_gmt":"2021-12-09T11:31:26","guid":{"rendered":"https:\/\/infovera.com.ar\/web\/?p=30042"},"modified":"2021-12-10T12:24:57","modified_gmt":"2021-12-10T15:24:57","slug":"asumen-los-nuevos-concejales-y-hay-incognita-por-los-lugares-vacantes-en-el-ejecutivo","status":"publish","type":"post","link":"https:\/\/infovera.com.ar\/web\/2021\/12\/09\/asumen-los-nuevos-concejales-y-hay-incognita-por-los-lugares-vacantes-en-el-ejecutivo\/","title":{"rendered":"Asumen los nuevos concejales y hay inc\u00f3gnita por los lugares vacantes en el Ejecutivo"},"content":{"rendered":"<p><strong>En un acto que se desarrollar\u00e1 esta tarde en el Concejo Municipal, asumir\u00e1n los nuevos ediles que conformar\u00e1n el cuerpo legislativo local.<\/strong><\/p>\n<p>Nancy Senn y Marcos Rubianes mantendr\u00e1n las dos bancas oficialistas que actualmente estaban ocupadas por Cesar Lugo y Mario Baldomero Rodriguez. Por otro lado, Reynaldo Fabbroni ocupar\u00e1 la banca que deja su antecesor Luis Pastore, por lo que el cuerpo seguir\u00e1 con su confirmaci\u00f3n de tres bloques.<\/p>\n<p>Gran espectativa por la banca presidencial, ya que al estar dividido en tres partidos diferentes, no da lugar a las mayor\u00edas partidarias, por lo que se hacen las tradicionales negociaciones tras bambalinas para conseguir el apoyo de otro bloque.<\/p>\n<p>Por otro lado, el Ejecutivo Municipal a\u00fan no anunci\u00f3 qui\u00e9nes ser\u00e1n los reemplazos de los funcionarios salientes, aunque se especula que la Secretaria de Gobierno ser\u00eda ocupada por la actual Secretaria de Servicios P\u00fablicos, Guillermina Alb\u00e1n, y el juzgado de faltas a\u00fan sin nombres resonantes. En el caso de confirmarse la especulaci\u00f3n, se producir\u00eda un reordenamiento en el Gabinete de Mitre, ya que aparecer\u00eda adem\u00e1s la nueva figura de la Secretar\u00eda de Servicios P\u00fablicos.<\/p>\n<p>Los pr\u00f3ximos d\u00edas ser\u00e1n decisivos para la gesti\u00f3n actual, que est\u00e1 comenzando a transitar si tercer a\u00f1o de mandato.<\/p>\n","protected":false},"excerpt":{"rendered":"<p>En un acto que se desarrollar\u00e1 esta tarde en el Concejo Municipal, asumir\u00e1n los nuevos ediles que conformar\u00e1n el cuerpo legislativo local. Nancy Senn y Marcos Rubianes mantendr\u00e1n las dos bancas oficialistas que actualmente estaban ocupadas por Cesar Lugo y Mario Baldomero Rodriguez. Por otro lado, Reynaldo Fabbroni ocupar\u00e1 la banca que deja su antecesor [&hellip;]<\/p>\n","protected":false},"author":3,"featured_media":4813,"comment_status":"closed","ping_status":"closed","sticky":false,"template":"","format":"standard","meta":{"_joinchat":[],"footnotes":""},"categories":[53],"tags":[],"class_list":{"0":"post-30042","1":"post","2":"type-post","3":"status-publish","4":"format-standard","5":"has-post-thumbnail","7":"category-vera"},"_links":{"self":[{"href":"https:\/\/infovera.com.ar\/web\/wp-json\/wp\/v2\/posts\/30042","targetHints":{"allow":["GET"]}}],"collection":[{"href":"https:\/\/infovera.com.ar\/web\/wp-json\/wp\/v2\/posts"}],"about":[{"href":"https:\/\/infovera.com.ar\/web\/wp-json\/wp\/v2\/types\/post"}],"author":[{"embeddable":true,"href":"https:\/\/infovera.com.ar\/web\/wp-json\/wp\/v2\/users\/3"}],"replies":[{"embeddable":true,"href":"https:\/\/infovera.com.ar\/web\/wp-json\/wp\/v2\/comments?post=30042"}],"version-history":[{"count":0,"href":"https:\/\/infovera.com.ar\/web\/wp-json\/wp\/v2\/posts\/30042\/revisions"}],"wp:featuredmedia":[{"embeddable":true,"href":"https:\/\/infovera.com.ar\/web\/wp-json\/wp\/v2\/media\/4813"}],"wp:attachment":[{"href":"https:\/\/infovera.com.ar\/web\/wp-json\/wp\/v2\/media?parent=30042"}],"wp:term":[{"taxonomy":"category","embeddable":true,"href":"https:\/\/infovera.com.ar\/web\/wp-json\/wp\/v2\/categories?post=30042"},{"taxonomy":"post_tag","embeddable":true,"href":"https:\/\/infovera.com.ar\/web\/wp-json\/wp\/v2\/tags?post=30042"}],"curies":[{"name":"wp","href":"https:\/\/api.w.org\/{rel}","templated":true}]}}