{"id":29991,"date":"2021-12-06T11:53:51","date_gmt":"2021-12-06T14:53:51","guid":{"rendered":"https:\/\/infovera.com.ar\/web\/?p=29991"},"modified":"2021-12-06T11:53:51","modified_gmt":"2021-12-06T14:53:51","slug":"vuelco-en-canada-ombu","status":"publish","type":"post","link":"https:\/\/infovera.com.ar\/web\/2021\/12\/06\/vuelco-en-canada-ombu\/","title":{"rendered":"Vuelco en Ca\u00f1ada Omb\u00fa"},"content":{"rendered":"<p><strong>A las 13 del s\u00e1bado, se produjo un accidente de tr\u00e1nsito en la Ruta 3, unos 10 kil\u00f3metros al norte de Ca\u00f1ada Omb\u00fa.<\/strong><\/p>\n<p>Un Renault Sandero Stepway de color gris conducido por una mujer que se dirig\u00eda<br \/>\ndesde Reconquista a Los Amores, perdi\u00f3 el control del veh\u00edculo ocasionando el vuelco .<\/p>\n<p>Fue trasladada al Hospital de Los Amores fines ser examinada por m\u00e9dico de turno.<\/p>\n<p><strong>Vera<\/strong><\/p>\n<p>Personal policial de la Secci\u00f3n Comando Radioel\u00e9ctrico, siendo las 8:05 se constituy\u00f3 en intersecci\u00f3n de calle Sarmiento y Presb\u00edtero Houriet, lugar en el que una Zanella 110 cc, guiada por una mujer de 31 a\u00f1os, colision\u00f3 con un VW Polo que era conducido por un hombre de 59 a\u00f1os.<\/p>\n<p>En el lugar se hizo presente la ambulancia del SIES 107, procediendo al traslado de la mujer al Hospital local para su atenci\u00f3n.<\/p>\n<p>Referente a los veh\u00edculos intervinientes, fueron trasladados a sede policial a los fines de<br \/>\nrealizar peritajes pertinentes.<\/p>\n<p><img loading=\"lazy\" decoding=\"async\" class=\" wp-image-22351 aligncenter\" src=\"https:\/\/infovera.com.ar\/web\/wp-content\/uploads\/2021\/06\/ACOSTA-3-300x54.jpg\" alt=\"\" width=\"733\" height=\"132\" srcset=\"https:\/\/infovera.com.ar\/web\/wp-content\/uploads\/2021\/06\/ACOSTA-3-300x54.jpg 300w, https:\/\/infovera.com.ar\/web\/wp-content\/uploads\/2021\/06\/ACOSTA-3.jpg 670w\" sizes=\"auto, (max-width: 733px) 100vw, 733px\" \/><\/p>\n","protected":false},"excerpt":{"rendered":"<p>A las 13 del s\u00e1bado, se produjo un accidente de tr\u00e1nsito en la Ruta 3, unos 10 kil\u00f3metros al norte de Ca\u00f1ada Omb\u00fa. Un Renault Sandero Stepway de color gris conducido por una mujer que se dirig\u00eda desde Reconquista a Los Amores, perdi\u00f3 el control del veh\u00edculo ocasionando el vuelco . Fue trasladada al Hospital [&hellip;]<\/p>\n","protected":false},"author":3,"featured_media":29992,"comment_status":"closed","ping_status":"closed","sticky":false,"template":"","format":"standard","meta":{"_joinchat":[],"footnotes":""},"categories":[51,30],"tags":[],"class_list":{"0":"post-29991","1":"post","2":"type-post","3":"status-publish","4":"format-standard","5":"has-post-thumbnail","7":"category-locales","8":"category-policiales"},"_links":{"self":[{"href":"https:\/\/infovera.com.ar\/web\/wp-json\/wp\/v2\/posts\/29991","targetHints":{"allow":["GET"]}}],"collection":[{"href":"https:\/\/infovera.com.ar\/web\/wp-json\/wp\/v2\/posts"}],"about":[{"href":"https:\/\/infovera.com.ar\/web\/wp-json\/wp\/v2\/types\/post"}],"author":[{"embeddable":true,"href":"https:\/\/infovera.com.ar\/web\/wp-json\/wp\/v2\/users\/3"}],"replies":[{"embeddable":true,"href":"https:\/\/infovera.com.ar\/web\/wp-json\/wp\/v2\/comments?post=29991"}],"version-history":[{"count":0,"href":"https:\/\/infovera.com.ar\/web\/wp-json\/wp\/v2\/posts\/29991\/revisions"}],"wp:featuredmedia":[{"embeddable":true,"href":"https:\/\/infovera.com.ar\/web\/wp-json\/wp\/v2\/media\/29992"}],"wp:attachment":[{"href":"https:\/\/infovera.com.ar\/web\/wp-json\/wp\/v2\/media?parent=29991"}],"wp:term":[{"taxonomy":"category","embeddable":true,"href":"https:\/\/infovera.com.ar\/web\/wp-json\/wp\/v2\/categories?post=29991"},{"taxonomy":"post_tag","embeddable":true,"href":"https:\/\/infovera.com.ar\/web\/wp-json\/wp\/v2\/tags?post=29991"}],"curies":[{"name":"wp","href":"https:\/\/api.w.org\/{rel}","templated":true}]}}