{"id":29960,"date":"2021-12-03T12:19:58","date_gmt":"2021-12-03T15:19:58","guid":{"rendered":"https:\/\/infovera.com.ar\/web\/?p=29960"},"modified":"2021-12-03T12:20:18","modified_gmt":"2021-12-03T15:20:18","slug":"21-atletas-de-vera-participaron-de-la-exitosa-corrida-nocturna-de-malabrigo","status":"publish","type":"post","link":"https:\/\/infovera.com.ar\/web\/2021\/12\/03\/21-atletas-de-vera-participaron-de-la-exitosa-corrida-nocturna-de-malabrigo\/","title":{"rendered":"21 atletas de Vera participaron de la exitosa corrida nocturna de Malabrigo"},"content":{"rendered":"<p><strong>Se realiz\u00f3 el d\u00eda s\u00e1bado 27 de noviembre la Corrida Nocturna &#8220;Ciudad de Malabrigo&#8221;.<\/strong><\/p>\n<p>El evento fue organizado y fiscalizado por Expertime contando con el auspicio de la Municipalidad de Malabrigo.<\/p>\n<p>Cont\u00f3 con la presencia de 210 corredores de la regi\u00f3n que compitieron en las distancias de 5 km y 10 km.<\/p>\n<p>Se encontraban presentes 21 deportistas que integran distintas pe\u00f1as running de la ciudad de Vera.<\/p>\n<p>Fueron galardonados en 10 km en la categor\u00eda General en Damas, Florencia Silva en octavo lugar, y en caballeros Leonardo Buffi, en noveno lugar.<\/p>\n<p>Respecto a las categor\u00edas por edades, fueron premiados:<\/p>\n<p>en Damas, Ayel\u00e9n Villafa\u00f1e, en segundo puesto; Florencia Silva, en segundo lugar; y Monica \u00c1lvarez, en tercer lugar.<\/p>\n<p>En categor\u00eda Caballeros, Abel Rodr\u00edguez, en primer lugar; Leonardo Buffi en segundo lugar; Gustavo Gon, en tercer lugar; cada uno es sus respectivas categor\u00edas.<\/p>\n<div id='gallery-1' class='gallery galleryid-29960 gallery-columns-3 gallery-size-thumbnail'><figure class='gallery-item'>\n\t\t\t<div class='gallery-icon landscape'>\n\t\t\t\t<a href='https:\/\/infovera.com.ar\/web\/2021\/12\/03\/21-atletas-de-vera-participaron-de-la-exitosa-corrida-nocturna-de-malabrigo\/5-36\/'><img loading=\"lazy\" decoding=\"async\" width=\"150\" height=\"150\" src=\"https:\/\/infovera.com.ar\/web\/wp-content\/uploads\/2021\/12\/5-1-150x150.jpg\" class=\"attachment-thumbnail size-thumbnail\" alt=\"\" \/><\/a>\n\t\t\t<\/div><\/figure><figure class='gallery-item'>\n\t\t\t<div class='gallery-icon landscape'>\n\t\t\t\t<a href='https:\/\/infovera.com.ar\/web\/2021\/12\/03\/21-atletas-de-vera-participaron-de-la-exitosa-corrida-nocturna-de-malabrigo\/2-9\/'><img loading=\"lazy\" decoding=\"async\" width=\"150\" height=\"150\" src=\"https:\/\/infovera.com.ar\/web\/wp-content\/uploads\/2021\/12\/2-1-150x150.jpg\" class=\"attachment-thumbnail size-thumbnail\" alt=\"\" \/><\/a>\n\t\t\t<\/div><\/figure><figure class='gallery-item'>\n\t\t\t<div class='gallery-icon landscape'>\n\t\t\t\t<a href='https:\/\/infovera.com.ar\/web\/2021\/12\/03\/21-atletas-de-vera-participaron-de-la-exitosa-corrida-nocturna-de-malabrigo\/3-10\/'><img loading=\"lazy\" decoding=\"async\" width=\"150\" height=\"150\" src=\"https:\/\/infovera.com.ar\/web\/wp-content\/uploads\/2021\/12\/3-1-150x150.jpg\" class=\"attachment-thumbnail size-thumbnail\" alt=\"\" \/><\/a>\n\t\t\t<\/div><\/figure><figure class='gallery-item'>\n\t\t\t<div class='gallery-icon portrait'>\n\t\t\t\t<a href='https:\/\/infovera.com.ar\/web\/2021\/12\/03\/21-atletas-de-vera-participaron-de-la-exitosa-corrida-nocturna-de-malabrigo\/4-7\/'><img loading=\"lazy\" decoding=\"async\" width=\"150\" height=\"150\" src=\"https:\/\/infovera.com.ar\/web\/wp-content\/uploads\/2021\/12\/4-1-150x150.jpg\" class=\"attachment-thumbnail size-thumbnail\" alt=\"\" \/><\/a>\n\t\t\t<\/div><\/figure><figure class='gallery-item'>\n\t\t\t<div class='gallery-icon landscape'>\n\t\t\t\t<a href='https:\/\/infovera.com.ar\/web\/2021\/12\/03\/21-atletas-de-vera-participaron-de-la-exitosa-corrida-nocturna-de-malabrigo\/5-37\/'><img loading=\"lazy\" decoding=\"async\" width=\"150\" height=\"150\" src=\"https:\/\/infovera.com.ar\/web\/wp-content\/uploads\/2021\/12\/5-2-150x150.jpg\" class=\"attachment-thumbnail size-thumbnail\" alt=\"\" \/><\/a>\n\t\t\t<\/div><\/figure><figure class='gallery-item'>\n\t\t\t<div class='gallery-icon portrait'>\n\t\t\t\t<a href='https:\/\/infovera.com.ar\/web\/2021\/12\/03\/21-atletas-de-vera-participaron-de-la-exitosa-corrida-nocturna-de-malabrigo\/6-27\/'><img loading=\"lazy\" decoding=\"async\" width=\"150\" height=\"150\" src=\"https:\/\/infovera.com.ar\/web\/wp-content\/uploads\/2021\/12\/6-1-150x150.jpg\" class=\"attachment-thumbnail size-thumbnail\" alt=\"\" \/><\/a>\n\t\t\t<\/div><\/figure><figure class='gallery-item'>\n\t\t\t<div class='gallery-icon portrait'>\n\t\t\t\t<a href='https:\/\/infovera.com.ar\/web\/2021\/12\/03\/21-atletas-de-vera-participaron-de-la-exitosa-corrida-nocturna-de-malabrigo\/7-25\/'><img loading=\"lazy\" decoding=\"async\" width=\"150\" height=\"150\" src=\"https:\/\/infovera.com.ar\/web\/wp-content\/uploads\/2021\/12\/7-1-150x150.jpg\" class=\"attachment-thumbnail size-thumbnail\" alt=\"\" \/><\/a>\n\t\t\t<\/div><\/figure><figure class='gallery-item'>\n\t\t\t<div class='gallery-icon portrait'>\n\t\t\t\t<a href='https:\/\/infovera.com.ar\/web\/2021\/12\/03\/21-atletas-de-vera-participaron-de-la-exitosa-corrida-nocturna-de-malabrigo\/8-18\/'><img loading=\"lazy\" decoding=\"async\" width=\"150\" height=\"150\" src=\"https:\/\/infovera.com.ar\/web\/wp-content\/uploads\/2021\/12\/8-1-150x150.jpg\" class=\"attachment-thumbnail size-thumbnail\" alt=\"\" \/><\/a>\n\t\t\t<\/div><\/figure><figure class='gallery-item'>\n\t\t\t<div class='gallery-icon portrait'>\n\t\t\t\t<a href='https:\/\/infovera.com.ar\/web\/2021\/12\/03\/21-atletas-de-vera-participaron-de-la-exitosa-corrida-nocturna-de-malabrigo\/9-15\/'><img loading=\"lazy\" decoding=\"async\" width=\"150\" height=\"150\" src=\"https:\/\/infovera.com.ar\/web\/wp-content\/uploads\/2021\/12\/9-1-150x150.jpg\" class=\"attachment-thumbnail size-thumbnail\" alt=\"\" \/><\/a>\n\t\t\t<\/div><\/figure><figure class='gallery-item'>\n\t\t\t<div class='gallery-icon portrait'>\n\t\t\t\t<a href='https:\/\/infovera.com.ar\/web\/2021\/12\/03\/21-atletas-de-vera-participaron-de-la-exitosa-corrida-nocturna-de-malabrigo\/10-4\/'><img loading=\"lazy\" decoding=\"async\" width=\"150\" height=\"150\" src=\"https:\/\/infovera.com.ar\/web\/wp-content\/uploads\/2021\/12\/10-150x150.jpg\" class=\"attachment-thumbnail size-thumbnail\" alt=\"\" \/><\/a>\n\t\t\t<\/div><\/figure><figure class='gallery-item'>\n\t\t\t<div class='gallery-icon landscape'>\n\t\t\t\t<a href='https:\/\/infovera.com.ar\/web\/2021\/12\/03\/21-atletas-de-vera-participaron-de-la-exitosa-corrida-nocturna-de-malabrigo\/11-4\/'><img loading=\"lazy\" decoding=\"async\" width=\"150\" height=\"150\" src=\"https:\/\/infovera.com.ar\/web\/wp-content\/uploads\/2021\/12\/11-150x150.jpg\" class=\"attachment-thumbnail size-thumbnail\" alt=\"\" \/><\/a>\n\t\t\t<\/div><\/figure><figure class='gallery-item'>\n\t\t\t<div class='gallery-icon portrait'>\n\t\t\t\t<a href='https:\/\/infovera.com.ar\/web\/2021\/12\/03\/21-atletas-de-vera-participaron-de-la-exitosa-corrida-nocturna-de-malabrigo\/12-3\/'><img loading=\"lazy\" decoding=\"async\" width=\"150\" height=\"150\" src=\"https:\/\/infovera.com.ar\/web\/wp-content\/uploads\/2021\/12\/12-150x150.jpg\" class=\"attachment-thumbnail size-thumbnail\" alt=\"\" \/><\/a>\n\t\t\t<\/div><\/figure><figure class='gallery-item'>\n\t\t\t<div class='gallery-icon landscape'>\n\t\t\t\t<a href='https:\/\/infovera.com.ar\/web\/2021\/12\/03\/21-atletas-de-vera-participaron-de-la-exitosa-corrida-nocturna-de-malabrigo\/13-7\/'><img loading=\"lazy\" decoding=\"async\" width=\"150\" height=\"150\" src=\"https:\/\/infovera.com.ar\/web\/wp-content\/uploads\/2021\/12\/13-150x150.jpg\" class=\"attachment-thumbnail size-thumbnail\" alt=\"\" \/><\/a>\n\t\t\t<\/div><\/figure><figure class='gallery-item'>\n\t\t\t<div class='gallery-icon portrait'>\n\t\t\t\t<a href='https:\/\/infovera.com.ar\/web\/2021\/12\/03\/21-atletas-de-vera-participaron-de-la-exitosa-corrida-nocturna-de-malabrigo\/14-7\/'><img loading=\"lazy\" decoding=\"async\" width=\"150\" height=\"150\" src=\"https:\/\/infovera.com.ar\/web\/wp-content\/uploads\/2021\/12\/14-150x150.jpg\" class=\"attachment-thumbnail size-thumbnail\" alt=\"\" \/><\/a>\n\t\t\t<\/div><\/figure><figure class='gallery-item'>\n\t\t\t<div class='gallery-icon portrait'>\n\t\t\t\t<a href='https:\/\/infovera.com.ar\/web\/2021\/12\/03\/21-atletas-de-vera-participaron-de-la-exitosa-corrida-nocturna-de-malabrigo\/15-7\/'><img loading=\"lazy\" decoding=\"async\" width=\"150\" height=\"150\" src=\"https:\/\/infovera.com.ar\/web\/wp-content\/uploads\/2021\/12\/15-150x150.jpg\" class=\"attachment-thumbnail size-thumbnail\" alt=\"\" \/><\/a>\n\t\t\t<\/div><\/figure><figure class='gallery-item'>\n\t\t\t<div class='gallery-icon portrait'>\n\t\t\t\t<a href='https:\/\/infovera.com.ar\/web\/2021\/12\/03\/21-atletas-de-vera-participaron-de-la-exitosa-corrida-nocturna-de-malabrigo\/16-6\/'><img loading=\"lazy\" decoding=\"async\" width=\"150\" height=\"150\" src=\"https:\/\/infovera.com.ar\/web\/wp-content\/uploads\/2021\/12\/16-150x150.jpg\" class=\"attachment-thumbnail size-thumbnail\" alt=\"\" \/><\/a>\n\t\t\t<\/div><\/figure>\n\t\t<\/div>\n\n","protected":false},"excerpt":{"rendered":"<p>Se realiz\u00f3 el d\u00eda s\u00e1bado 27 de noviembre la Corrida Nocturna &#8220;Ciudad de Malabrigo&#8221;. El evento fue organizado y fiscalizado por Expertime contando con el auspicio de la Municipalidad de Malabrigo. Cont\u00f3 con la presencia de 210 corredores de la regi\u00f3n que compitieron en las distancias de 5 km y 10 km. Se encontraban presentes [&hellip;]<\/p>\n","protected":false},"author":3,"featured_media":29962,"comment_status":"closed","ping_status":"closed","sticky":false,"template":"","format":"standard","meta":{"_joinchat":[],"footnotes":""},"categories":[31,51],"tags":[],"class_list":{"0":"post-29960","1":"post","2":"type-post","3":"status-publish","4":"format-standard","5":"has-post-thumbnail","7":"category-deportes","8":"category-locales"},"_links":{"self":[{"href":"https:\/\/infovera.com.ar\/web\/wp-json\/wp\/v2\/posts\/29960","targetHints":{"allow":["GET"]}}],"collection":[{"href":"https:\/\/infovera.com.ar\/web\/wp-json\/wp\/v2\/posts"}],"about":[{"href":"https:\/\/infovera.com.ar\/web\/wp-json\/wp\/v2\/types\/post"}],"author":[{"embeddable":true,"href":"https:\/\/infovera.com.ar\/web\/wp-json\/wp\/v2\/users\/3"}],"replies":[{"embeddable":true,"href":"https:\/\/infovera.com.ar\/web\/wp-json\/wp\/v2\/comments?post=29960"}],"version-history":[{"count":0,"href":"https:\/\/infovera.com.ar\/web\/wp-json\/wp\/v2\/posts\/29960\/revisions"}],"wp:featuredmedia":[{"embeddable":true,"href":"https:\/\/infovera.com.ar\/web\/wp-json\/wp\/v2\/media\/29962"}],"wp:attachment":[{"href":"https:\/\/infovera.com.ar\/web\/wp-json\/wp\/v2\/media?parent=29960"}],"wp:term":[{"taxonomy":"category","embeddable":true,"href":"https:\/\/infovera.com.ar\/web\/wp-json\/wp\/v2\/categories?post=29960"},{"taxonomy":"post_tag","embeddable":true,"href":"https:\/\/infovera.com.ar\/web\/wp-json\/wp\/v2\/tags?post=29960"}],"curies":[{"name":"wp","href":"https:\/\/api.w.org\/{rel}","templated":true}]}}