{"id":29951,"date":"2021-12-03T11:00:18","date_gmt":"2021-12-03T14:00:18","guid":{"rendered":"https:\/\/infovera.com.ar\/web\/?p=29951"},"modified":"2021-12-06T12:43:39","modified_gmt":"2021-12-06T15:43:39","slug":"ballet-meraki-a-cosquin","status":"publish","type":"post","link":"https:\/\/infovera.com.ar\/web\/2021\/12\/03\/ballet-meraki-a-cosquin\/","title":{"rendered":"Ballet Meraki a Cosqu\u00edn"},"content":{"rendered":"<p><strong>Hace un a\u00f1o atr\u00e1s dos j\u00f3venes verenses, Gonz\u00e1lez Micaela y Asencio Wilson, crearon un grupo de baile folkl\u00f3rico con el objetivo de presentarse al Pre Cosqu\u00edn. <\/strong><\/p>\n<p>El domingo 28 de noviembre fueron ganadores del Pre Cosqu\u00edn Sede Reconquista en el rubro de Ballet Folkl\u00f3rico, lo que les vali\u00f3 el pasaporte para actuar en el escenario mayor del folklore argentino los d\u00edas 7 y 8 de enero.<\/p>\n<p>Actualmente, el ballet cuenta con 19 bailarines de distintas localidades, pero luego de conseguir el pase se sumar\u00e1n 11 bailarines m\u00e1s, que formaran un grupo de 30 bailarines de toda la zona que representar\u00e1n a su lugar y principalmente a Vera, Santa Fe.<\/p>\n","protected":false},"excerpt":{"rendered":"<p>Hace un a\u00f1o atr\u00e1s dos j\u00f3venes verenses, Gonz\u00e1lez Micaela y Asencio Wilson, crearon un grupo de baile folkl\u00f3rico con el objetivo de presentarse al Pre Cosqu\u00edn. El domingo 28 de noviembre fueron ganadores del Pre Cosqu\u00edn Sede Reconquista en el rubro de Ballet Folkl\u00f3rico, lo que les vali\u00f3 el pasaporte para actuar en el escenario [&hellip;]<\/p>\n","protected":false},"author":3,"featured_media":29952,"comment_status":"closed","ping_status":"closed","sticky":false,"template":"","format":"standard","meta":{"_joinchat":[],"footnotes":""},"categories":[53],"tags":[],"class_list":{"0":"post-29951","1":"post","2":"type-post","3":"status-publish","4":"format-standard","5":"has-post-thumbnail","7":"category-vera"},"_links":{"self":[{"href":"https:\/\/infovera.com.ar\/web\/wp-json\/wp\/v2\/posts\/29951","targetHints":{"allow":["GET"]}}],"collection":[{"href":"https:\/\/infovera.com.ar\/web\/wp-json\/wp\/v2\/posts"}],"about":[{"href":"https:\/\/infovera.com.ar\/web\/wp-json\/wp\/v2\/types\/post"}],"author":[{"embeddable":true,"href":"https:\/\/infovera.com.ar\/web\/wp-json\/wp\/v2\/users\/3"}],"replies":[{"embeddable":true,"href":"https:\/\/infovera.com.ar\/web\/wp-json\/wp\/v2\/comments?post=29951"}],"version-history":[{"count":0,"href":"https:\/\/infovera.com.ar\/web\/wp-json\/wp\/v2\/posts\/29951\/revisions"}],"wp:featuredmedia":[{"embeddable":true,"href":"https:\/\/infovera.com.ar\/web\/wp-json\/wp\/v2\/media\/29952"}],"wp:attachment":[{"href":"https:\/\/infovera.com.ar\/web\/wp-json\/wp\/v2\/media?parent=29951"}],"wp:term":[{"taxonomy":"category","embeddable":true,"href":"https:\/\/infovera.com.ar\/web\/wp-json\/wp\/v2\/categories?post=29951"},{"taxonomy":"post_tag","embeddable":true,"href":"https:\/\/infovera.com.ar\/web\/wp-json\/wp\/v2\/tags?post=29951"}],"curies":[{"name":"wp","href":"https:\/\/api.w.org\/{rel}","templated":true}]}}