{"id":29934,"date":"2021-12-03T11:00:32","date_gmt":"2021-12-03T14:00:32","guid":{"rendered":"https:\/\/infovera.com.ar\/web\/?p=29934"},"modified":"2021-12-03T11:29:33","modified_gmt":"2021-12-03T14:29:33","slug":"campana-de-prevencion-del-cancer-bucal","status":"publish","type":"post","link":"https:\/\/infovera.com.ar\/web\/2021\/12\/03\/campana-de-prevencion-del-cancer-bucal\/","title":{"rendered":"Campa\u00f1a de prevenci\u00f3n del c\u00e1ncer bucal"},"content":{"rendered":"<p><strong>El pr\u00f3ximo domingo, a las 16, en Avenida Corrientes habr\u00e1 revisiones del equipo de odont\u00f3logos del Hospital Regional Vera.<\/strong><\/p>\n<p>Se entregar\u00e1n cepillos, pasta dental, etc. para un correcto cuidado bucal.<\/p>\n<p>Invitan:<\/p>\n<p>Hospital Regional Vera &#8211; Municipalidad de Vera &#8211; Regi\u00f3n de Salud &#8211; Equipo de Odontolog\u00eda del HRV<\/p>\n<p>&nbsp;<\/p>\n","protected":false},"excerpt":{"rendered":"<p>El pr\u00f3ximo domingo, a las 16, en Avenida Corrientes habr\u00e1 revisiones del equipo de odont\u00f3logos del Hospital Regional Vera. Se entregar\u00e1n cepillos, pasta dental, etc. para un correcto cuidado bucal. Invitan: Hospital Regional Vera &#8211; Municipalidad de Vera &#8211; Regi\u00f3n de Salud &#8211; Equipo de Odontolog\u00eda del HRV &nbsp;<\/p>\n","protected":false},"author":3,"featured_media":29935,"comment_status":"closed","ping_status":"closed","sticky":false,"template":"","format":"standard","meta":{"_joinchat":[],"footnotes":""},"categories":[56],"tags":[],"class_list":{"0":"post-29934","1":"post","2":"type-post","3":"status-publish","4":"format-standard","5":"has-post-thumbnail","7":"category-destacados"},"_links":{"self":[{"href":"https:\/\/infovera.com.ar\/web\/wp-json\/wp\/v2\/posts\/29934","targetHints":{"allow":["GET"]}}],"collection":[{"href":"https:\/\/infovera.com.ar\/web\/wp-json\/wp\/v2\/posts"}],"about":[{"href":"https:\/\/infovera.com.ar\/web\/wp-json\/wp\/v2\/types\/post"}],"author":[{"embeddable":true,"href":"https:\/\/infovera.com.ar\/web\/wp-json\/wp\/v2\/users\/3"}],"replies":[{"embeddable":true,"href":"https:\/\/infovera.com.ar\/web\/wp-json\/wp\/v2\/comments?post=29934"}],"version-history":[{"count":0,"href":"https:\/\/infovera.com.ar\/web\/wp-json\/wp\/v2\/posts\/29934\/revisions"}],"wp:featuredmedia":[{"embeddable":true,"href":"https:\/\/infovera.com.ar\/web\/wp-json\/wp\/v2\/media\/29935"}],"wp:attachment":[{"href":"https:\/\/infovera.com.ar\/web\/wp-json\/wp\/v2\/media?parent=29934"}],"wp:term":[{"taxonomy":"category","embeddable":true,"href":"https:\/\/infovera.com.ar\/web\/wp-json\/wp\/v2\/categories?post=29934"},{"taxonomy":"post_tag","embeddable":true,"href":"https:\/\/infovera.com.ar\/web\/wp-json\/wp\/v2\/tags?post=29934"}],"curies":[{"name":"wp","href":"https:\/\/api.w.org\/{rel}","templated":true}]}}