{"id":29918,"date":"2021-12-02T19:45:41","date_gmt":"2021-12-02T22:45:41","guid":{"rendered":"https:\/\/infovera.com.ar\/web\/?p=29918"},"modified":"2021-12-02T19:45:41","modified_gmt":"2021-12-02T22:45:41","slug":"condenaron-a-un-hombre-que-robo-un-telefono-celular-en-avellaneda-y-lo-vendio-como-si-hubiera-sido-suyo","status":"publish","type":"post","link":"https:\/\/infovera.com.ar\/web\/2021\/12\/02\/condenaron-a-un-hombre-que-robo-un-telefono-celular-en-avellaneda-y-lo-vendio-como-si-hubiera-sido-suyo\/","title":{"rendered":"Condenaron a un hombre que rob\u00f3 un tel\u00e9fono celular  en Avellaneda y lo vendi\u00f3 como si hubiera sido suyo"},"content":{"rendered":"<p>Se trata de Ram\u00f3n Alberto Jaime, de 24 a\u00f1os, quien deber\u00e1 cumplir cuatro a\u00f1os y seis meses de prisi\u00f3n efectiva. Junto a otras dos personas, cometi\u00f3 el il\u00edcito con un arma de fuego que no era apta para efectuar disparos. La pena tambi\u00e9n se le impuso por otros delitos contra la propiedad.<\/p>\n<p>&nbsp;<\/p>\n<p>&nbsp;<\/p>\n<p>Un hombre de 24 a\u00f1os identificado como Ram\u00f3n Alberto Jaime fue condenado a cuatro a\u00f1os y medio de prisi\u00f3n por robar un tel\u00e9fono celular y luego venderlo como si hubiera sido suyo en la ciudad de Avellaneda. As\u00ed lo resolvi\u00f3 el juez Mauricio Martelossi en un juicio en el que se abreviaron los procedimientos que se desarroll\u00f3 en los tribunales de Reconquista.<\/p>\n<p>&nbsp;<\/p>\n<p>El fiscal que estuvo a cargo de la investigaci\u00f3n es Leandro Mai, quien mencion\u00f3 que \u201cJaime reconoci\u00f3 su responsabilidad penal por los hechos il\u00edcitos que le endilgamos\u201d, y aclar\u00f3 que &#8220;carec\u00eda de antecedentes condenatorios&#8221;.<\/p>\n<p>&nbsp;<\/p>\n<p>&nbsp;<\/p>\n<p>Los hechos<\/p>\n<p>&nbsp;<\/p>\n<p>Mai expuso que \u201cjunto con otras dos personas, Jaime abord\u00f3 con violencia a un hombre que transitaba a bordo de una motocicleta y a otro que iba caminando por el paseo ubicado detr\u00e1s del aut\u00f3dromo de Avellaneda\u201d. Seg\u00fan precis\u00f3, \u201cfue el lunes 24 de febrero del a\u00f1o pasado alrededor de la 1:30 de la madrugada\u201d.<\/p>\n<p>&nbsp;<\/p>\n<p>El funcionario del MPA detall\u00f3 que \u201clos atacantes intimidaron a las v\u00edctimas con un arma de fuego -que no era apta para efectuar disparos- y les sustrajeron una mochila en la que hab\u00eda un tel\u00e9fono celular, una camiseta deportiva, 200 pesos y un cable USB\u201d.<\/p>\n<p>&nbsp;<\/p>\n<p>El fiscal plante\u00f3 que \u201choras despu\u00e9s del robo, el condenado y sus acompa\u00f1antes vendieron el celular como si hubiera sido suyo\u201d.<\/p>\n<p>&nbsp;<\/p>\n<p>Por otro lado, el representante del MPA indic\u00f3 que \u201cJaime tambi\u00e9n fue condenado por haber cometido otro robo\u201d. En tal sentido, afirm\u00f3 que \u201cfue alrededor de las 3:30 de la ma\u00f1ana en un comercio ubicado en la calle 14 al 1.000\u201d y cont\u00f3 que \u201cingres\u00f3 al local tras forzar la reja de hierro de una ventana del local\u201d.<\/p>\n<p>&nbsp;<\/p>\n<p>\u201cEl condenado se llev\u00f3 del negocio una bolsa en la que coloc\u00f3 6.000 pesos, bebidas alcoh\u00f3licas y un chocolate\u201d, especific\u00f3 el fiscal.<\/p>\n<p>&nbsp;<\/p>\n<p>Por \u00faltimo, Mai se\u00f1al\u00f3 que \u201cJaime tambi\u00e9n fue condenado por otros hechos il\u00edcitos que hab\u00eda cometido con anterioridad\u201d y puntualiz\u00f3 que se trata de \u201cun hurto, amenazas y la portaci\u00f3n sin autorizaci\u00f3n de un arma de fuego de fabricaci\u00f3n casera\u201d.<\/p>\n<p>&nbsp;<\/p>\n<p>&nbsp;<\/p>\n<p>Abreviado<\/p>\n<p>&nbsp;<\/p>\n<p>El representante del MPA inform\u00f3 que \u201cJaime fue condenado como coautor de los delitos de robo doblemente calificado (por el uso de arma de fuego que no era apta para producir disparos; y por haber sido en poblado y en banda) y de defraudaci\u00f3n por estelionato\u201d.<\/p>\n<p>&nbsp;<\/p>\n<p>\u201cAdem\u00e1s, la pena se le impuso por los delitos de robo calificado (por perforaci\u00f3n o fractura de ventana); hurto (dos hechos); amenazas y portaci\u00f3n ileg\u00edtima de arma de fuego\u201d, agreg\u00f3.<\/p>\n<p>&nbsp;<\/p>\n<p>\u201cLa Defensa acept\u00f3 la atribuci\u00f3n delictiva, la pena impuesta y la decisi\u00f3n de abreviar los procedimientos del juicio\u201d, expres\u00f3 el fiscal. A su vez, concluy\u00f3 que \u201clas v\u00edctimas fueron notificadas y brindaron su conformidad con lo resuelto\u201d.<\/p>\n","protected":false},"excerpt":{"rendered":"<p>Se trata de Ram\u00f3n Alberto Jaime, de 24 a\u00f1os, quien deber\u00e1 cumplir cuatro a\u00f1os y seis meses de prisi\u00f3n efectiva. Junto a otras dos personas, cometi\u00f3 el il\u00edcito con un arma de fuego que no era apta para efectuar disparos. La pena tambi\u00e9n se le impuso por otros delitos contra la propiedad. &nbsp; &nbsp; Un [&hellip;]<\/p>\n","protected":false},"author":3,"featured_media":29920,"comment_status":"closed","ping_status":"closed","sticky":false,"template":"","format":"standard","meta":{"_joinchat":[],"footnotes":""},"categories":[55],"tags":[],"class_list":{"0":"post-29918","1":"post","2":"type-post","3":"status-publish","4":"format-standard","5":"has-post-thumbnail","7":"category-reconquista"},"_links":{"self":[{"href":"https:\/\/infovera.com.ar\/web\/wp-json\/wp\/v2\/posts\/29918","targetHints":{"allow":["GET"]}}],"collection":[{"href":"https:\/\/infovera.com.ar\/web\/wp-json\/wp\/v2\/posts"}],"about":[{"href":"https:\/\/infovera.com.ar\/web\/wp-json\/wp\/v2\/types\/post"}],"author":[{"embeddable":true,"href":"https:\/\/infovera.com.ar\/web\/wp-json\/wp\/v2\/users\/3"}],"replies":[{"embeddable":true,"href":"https:\/\/infovera.com.ar\/web\/wp-json\/wp\/v2\/comments?post=29918"}],"version-history":[{"count":0,"href":"https:\/\/infovera.com.ar\/web\/wp-json\/wp\/v2\/posts\/29918\/revisions"}],"wp:featuredmedia":[{"embeddable":true,"href":"https:\/\/infovera.com.ar\/web\/wp-json\/wp\/v2\/media\/29920"}],"wp:attachment":[{"href":"https:\/\/infovera.com.ar\/web\/wp-json\/wp\/v2\/media?parent=29918"}],"wp:term":[{"taxonomy":"category","embeddable":true,"href":"https:\/\/infovera.com.ar\/web\/wp-json\/wp\/v2\/categories?post=29918"},{"taxonomy":"post_tag","embeddable":true,"href":"https:\/\/infovera.com.ar\/web\/wp-json\/wp\/v2\/tags?post=29918"}],"curies":[{"name":"wp","href":"https:\/\/api.w.org\/{rel}","templated":true}]}}