{"id":29910,"date":"2021-12-02T17:34:17","date_gmt":"2021-12-02T20:34:17","guid":{"rendered":"https:\/\/infovera.com.ar\/web\/?p=29910"},"modified":"2021-12-02T17:34:17","modified_gmt":"2021-12-02T20:34:17","slug":"biodiesel-legisladores-santafesinos-se-reunieron-con-el-secretario-de-energia-de-la-nacion","status":"publish","type":"post","link":"https:\/\/infovera.com.ar\/web\/2021\/12\/02\/biodiesel-legisladores-santafesinos-se-reunieron-con-el-secretario-de-energia-de-la-nacion\/","title":{"rendered":"Biodiesel: legisladores santafesinos se reunieron con el secretario de Energ\u00eda de la Naci\u00f3n"},"content":{"rendered":"<div dir=\"ltr\">\n<div><i><span style=\"font-size: large;\">De la reuni\u00f3n, en la que participaron tambi\u00e9n\u00a0representantes de las c\u00e1maras que nuclean a la empresas del sector, analizaron la situaci\u00f3n actual de la industria y los avances en la reglamentaci\u00f3n de la Ley Nacional de Biocombustibles.\u00a0<\/span><\/i><\/div>\n<div><span style=\"font-size: large;\">\u00a0<\/span><\/div>\n<p><span style=\"font-size: large;\">Los senadores nacionales por Santa Fe, Roberto Mirabella, Mar\u00eda de los Angeles Sacnun, el diputado nacional, Marco Cleri y el senador provincial, recientemente electo senador nacional por Santa Fe, Marcelo Lewandowski, mantuvieron una reuni\u00f3n con el secretario de Energ\u00eda de la Naci\u00f3n, Dar\u00edo Mart\u00ednez y\u00a0 representantes de las c\u00e1maras\u00a0del sector de biocombustibles\u00a0\u00a0durante el cual analizaron la situaci\u00f3n actual del sector de los biocombustibles y trabajaron en la reglamentaci\u00f3n de la Ley de Biocombustibles.<\/p>\n<p>Luego del encuentro Mirabella expres\u00f3: &#8220;Fue una muy buena reuni\u00f3n. Fue una\u00a0reuni\u00f3n de trabajo, la primera fue en Agosto, despu\u00e9s se fueron sucediendo diferentes reuniones bilaterales para \u00a0fijar el precio, el cupo y para la futura reglamentaci\u00f3n de la ley. Vamos a seguir teniendo pr\u00f3ximas actividades para tener una previsibilidad en la regulaci\u00f3n de las actividades de biocombustibles y del biodiesel en particular&#8221;. &#8220;Se habl\u00f3 de la realidad del sector, de los costos que hoy tienen las empresas, de los cupos para trabajar dentro del mercado interno y en el corte del mercado interno&#8221; detall\u00f3.\u00a0<b><\/b><\/span><\/p>\n<div><\/div>\n<div>En ese mismo sentido, Marcelo Lewandowski, calific\u00f3 como &#8220;muy positivo&#8221; el encuentro con el secretario Martinez para establecer el marco regulatorio de la ley y asegur\u00f3 que &#8220;indudablemente el sector est\u00e1 preocupado y necesitamos resolver una problem\u00e1tica urgente que hace a un sector que es\u00a0importante en Santa Fe, que tiene mucha mano de obra y que el biocombustible ha significado un paso importante en la provincia dado que el 80% la producci\u00f3n de biodiesel se produce en Santa Fe por ende debemos estar atentos y trabajando mancomunadamente con el sector para lograr las mayores ventajas posibles&#8221;.<\/div>\n<div><\/div>\n<p><span style=\"font-size: large;\"><b><\/b>Marcos Cleri expres\u00f3: &#8220;Fue una reuni\u00f3n de trabajo muy importante entre las c\u00e1maras del sector, el secretario de energ\u00eda y los legisladores nacionales. Es claro el\u00a0protagonismo fundamental que tienen los biocombustibles en la provincia de Santa Fe\u00a0y en la transici\u00f3n energ\u00e9tica de la matriz productiva de la energ\u00eda de la Argentina&#8221;. Al respecto indic\u00f3\u00a0que continuaron trabajando &#8220;para poder potenciar en la reglamentaci\u00f3n las virtudes de la nueva ley de biocombustibles atendiendo el cuidado del trabajo, la b\u00fasqueda de mayor producci\u00f3n y por supuesto un horizonte de previsibilidad tan necesario para poder seguir trabajando, produciendo, generando valor agregado en una provincia protagonista tan importante como la provincia de\u00a0Santa Fe para poner Argentina de pie&#8221;.<\/span><\/p>\n<div><\/div>\n<div><span style=\"font-size: large;\">Por \u00faltimo Mar\u00eda de los Angeles Sacnun resalt\u00f3: &#8220;es fundamental que preservemos y cuidemos esta industria que nos ha permitido generar puestos de trabajo en pueblos donde nunca antes hubiera existido quiz\u00e1s una industria. Debemos seguir apostando a industrializar la ruralidad y a que se siga desarrollando este sector que impacta favorablemente en la generaci\u00f3n de empleo y en el desarrollo de la provincia de Santa Fe&#8221;.<\/span><\/div>\n<\/div>\n","protected":false},"excerpt":{"rendered":"<p>De la reuni\u00f3n, en la que participaron tambi\u00e9n\u00a0representantes de las c\u00e1maras que nuclean a la empresas del sector, analizaron la situaci\u00f3n actual de la industria y los avances en la reglamentaci\u00f3n de la Ley Nacional de Biocombustibles.\u00a0 \u00a0 Los senadores nacionales por Santa Fe, Roberto Mirabella, Mar\u00eda de los Angeles Sacnun, el diputado nacional, Marco [&hellip;]<\/p>\n","protected":false},"author":3,"featured_media":29911,"comment_status":"closed","ping_status":"closed","sticky":false,"template":"","format":"standard","meta":{"_joinchat":[],"footnotes":""},"categories":[60],"tags":[],"class_list":{"0":"post-29910","1":"post","2":"type-post","3":"status-publish","4":"format-standard","5":"has-post-thumbnail","7":"category-provinciales"},"_links":{"self":[{"href":"https:\/\/infovera.com.ar\/web\/wp-json\/wp\/v2\/posts\/29910","targetHints":{"allow":["GET"]}}],"collection":[{"href":"https:\/\/infovera.com.ar\/web\/wp-json\/wp\/v2\/posts"}],"about":[{"href":"https:\/\/infovera.com.ar\/web\/wp-json\/wp\/v2\/types\/post"}],"author":[{"embeddable":true,"href":"https:\/\/infovera.com.ar\/web\/wp-json\/wp\/v2\/users\/3"}],"replies":[{"embeddable":true,"href":"https:\/\/infovera.com.ar\/web\/wp-json\/wp\/v2\/comments?post=29910"}],"version-history":[{"count":0,"href":"https:\/\/infovera.com.ar\/web\/wp-json\/wp\/v2\/posts\/29910\/revisions"}],"wp:featuredmedia":[{"embeddable":true,"href":"https:\/\/infovera.com.ar\/web\/wp-json\/wp\/v2\/media\/29911"}],"wp:attachment":[{"href":"https:\/\/infovera.com.ar\/web\/wp-json\/wp\/v2\/media?parent=29910"}],"wp:term":[{"taxonomy":"category","embeddable":true,"href":"https:\/\/infovera.com.ar\/web\/wp-json\/wp\/v2\/categories?post=29910"},{"taxonomy":"post_tag","embeddable":true,"href":"https:\/\/infovera.com.ar\/web\/wp-json\/wp\/v2\/tags?post=29910"}],"curies":[{"name":"wp","href":"https:\/\/api.w.org\/{rel}","templated":true}]}}