{"id":29874,"date":"2021-12-02T06:59:30","date_gmt":"2021-12-02T09:59:30","guid":{"rendered":"https:\/\/infovera.com.ar\/web\/?p=29874"},"modified":"2021-12-02T06:59:30","modified_gmt":"2021-12-02T09:59:30","slug":"perotti-se-reunio-con-representantes-de-los-bloques-de-la-camara-de-diputados","status":"publish","type":"post","link":"https:\/\/infovera.com.ar\/web\/2021\/12\/02\/perotti-se-reunio-con-representantes-de-los-bloques-de-la-camara-de-diputados\/","title":{"rendered":"Perotti se reuni\u00f3 con representantes de los bloques de la C\u00e1mara de Diputados"},"content":{"rendered":"<p>El gobernador de la provincia, Omar Perotti, se reuni\u00f3 este mi\u00e9rcoles con representantes de los bloques de la C\u00e1mara de Diputados y los intendentes de las ciudades de Santa Fe, Emilio Jat\u00f3n, y de Rosario, Pablo Javkin, para analizar las pol\u00edticas de seguridad.<\/p>\n<p>&nbsp;<\/p>\n<p>&nbsp;<\/p>\n<p>Luego del encuentro, el ministro de Gesti\u00f3n P\u00fablica, Marcos Corach, detall\u00f3 que \u201cel gobernador estaba esperando esta reuni\u00f3n con los legisladores. Hay un completo aval de todo el gobierno de la provincia al accionar de la Justicia, para que haga lo que tenga que hacer. Los legisladores se mostraron con absoluta disposici\u00f3n, todos y cada uno de los diputados presidentes de bloques y del presidente de la Comisi\u00f3n de Seguridad del Senado. Todos estuvieron absolutamente dispuestos a conversar y proponer. La verdad que fue una reuni\u00f3n larga y productiva\u201d.<\/p>\n<p>&nbsp;<\/p>\n<p>\u201cLa convocatoria a extraordinaria est\u00e1 prevista en lo inmediato, hemos conversado junto a los legisladores el temario, que incluir\u00eda el presupuesto provincial, la tributaria, el proyecto de emergencia en seguridad, el proyecto de emergencia en servicio penitenciario y un convenio de Anses. En lo inmediato, vamos a discutir los proyectos de emergencia en seguridad y de servicio penitenciario. Esto es lo m\u00e1s urgente\u201d, agreg\u00f3 Corach.<\/p>\n<p>&nbsp;<\/p>\n<p>El ministro dijo que \u201cel gobernador hizo un resumen de todo el accionar del gobierno provincial y de toda la inversi\u00f3n que estamos haciendo desde los diferentes ministerios. Adem\u00e1s, hizo una devoluci\u00f3n a cada uno de los planteos de los diputados y dio una respuesta a muchos de los reclamos y peticiones\u201d.<\/p>\n<p>&nbsp;<\/p>\n<p>Finalmente, el titular de la cartera de Gesti\u00f3n P\u00fablica, inform\u00f3 que \u201cle vamos a solicitar al Procurador General de la Naci\u00f3n, el Dr Eduardo Casal, que utilice las facultades que le otorga la ley para designar fiscales auxiliares, y que estos apoyen el trabajo en los delitos vinculados al narcotr\u00e1fico que realizan los fiscales federales que cumplen funciones en la provincia\u201d.<\/p>\n<p>&nbsp;<\/p>\n<p>Por su parte, el diputado provincia Leandro Busatto, indic\u00f3: \u201cCreo que hay que dar vuelta la p\u00e1gina y probablemente en alg\u00fan punto, generar un di\u00e1logo m\u00e1s intenso respecto de una problem\u00e1tica que nos est\u00e1 llevando a todos a una situaci\u00f3n muy inc\u00f3moda, fundamentalmente para los ciudadanos y las ciudadanas\u201d.<\/p>\n<p>&nbsp;<\/p>\n<p>\u201cEl responsable m\u00e1s importante que tiene la provincia en t\u00e9rminos institucionales, que es el gobernador, ha convocado a un di\u00e1logo franco y sincero. Fueron cinco horas y media de escucharnos como hac\u00eda tiempo probablemente que no lo hac\u00edamos. Creo que es importante empezar a entablar una metodolog\u00eda de trabajo mucho m\u00e1s din\u00e1mica entre la Legislatura, el Poder Ejecutivo y, sin lugar a dudas, tambi\u00e9n el Poder Judicial\u201d, finaliz\u00f3 Busatto.<\/p>\n<p>&nbsp;<\/p>\n<p>Por \u00faltimo, el diputado provincial Maximiliano Pullaro destac\u00f3 que \u201cfue una muy buena reuni\u00f3n, el gobernador fue claro y eso lo valoro profundamente, dijo que va a haber apoyo a la Justicia para que vaya a fondo. Lo tomo como un buen gesto pol\u00edtico\u201d.<\/p>\n<p>&nbsp;<\/p>\n<p>\u201cComo dijo Lagna, es momento de mirar para adelante\u201d, se\u00f1al\u00f3 Pullaro, y manifest\u00f3 sus expectativas en el actual ministro: \u201cLo veo como una persona sensata y con vocaci\u00f3n de di\u00e1logo\u201d.<\/p>\n<p>&nbsp;<\/p>\n<p><strong>PRESENTES<\/strong><\/p>\n<p>Durante el encuentro, llevado a cabo en el Sal\u00f3n Blanco de Casa de Gobierno en la ciudad capital, participaron tambi\u00e9n la vicegobernadora Alejandra Rodenas; el ministro de Seguridad, Jorge Lagna; la ministra de Igualdad, G\u00e9nero y Diversidad, Celia Arena; los secretarios de Gobierno, Oscar Urruty; y de Justicia, Gabriel Somaglia; el fiscal de Estado, Rub\u00e9n Weder; el presidente de la C\u00e1mara de Diputados de la provincia, Pablo Far\u00edas; el senador y presidente de la comisi\u00f3n permanente de Seguridad P\u00fablica en el Senado, Rodrigo Borla; y los presidentes de los distintos bloques que componen la C\u00e1mara de Diputados de la provincia.<\/p>\n","protected":false},"excerpt":{"rendered":"<p>El gobernador de la provincia, Omar Perotti, se reuni\u00f3 este mi\u00e9rcoles con representantes de los bloques de la C\u00e1mara de Diputados y los intendentes de las ciudades de Santa Fe, Emilio Jat\u00f3n, y de Rosario, Pablo Javkin, para analizar las pol\u00edticas de seguridad. &nbsp; &nbsp; Luego del encuentro, el ministro de Gesti\u00f3n P\u00fablica, Marcos Corach, [&hellip;]<\/p>\n","protected":false},"author":3,"featured_media":29875,"comment_status":"closed","ping_status":"closed","sticky":false,"template":"","format":"standard","meta":{"_joinchat":[],"footnotes":""},"categories":[60],"tags":[],"class_list":{"0":"post-29874","1":"post","2":"type-post","3":"status-publish","4":"format-standard","5":"has-post-thumbnail","7":"category-provinciales"},"_links":{"self":[{"href":"https:\/\/infovera.com.ar\/web\/wp-json\/wp\/v2\/posts\/29874","targetHints":{"allow":["GET"]}}],"collection":[{"href":"https:\/\/infovera.com.ar\/web\/wp-json\/wp\/v2\/posts"}],"about":[{"href":"https:\/\/infovera.com.ar\/web\/wp-json\/wp\/v2\/types\/post"}],"author":[{"embeddable":true,"href":"https:\/\/infovera.com.ar\/web\/wp-json\/wp\/v2\/users\/3"}],"replies":[{"embeddable":true,"href":"https:\/\/infovera.com.ar\/web\/wp-json\/wp\/v2\/comments?post=29874"}],"version-history":[{"count":0,"href":"https:\/\/infovera.com.ar\/web\/wp-json\/wp\/v2\/posts\/29874\/revisions"}],"wp:featuredmedia":[{"embeddable":true,"href":"https:\/\/infovera.com.ar\/web\/wp-json\/wp\/v2\/media\/29875"}],"wp:attachment":[{"href":"https:\/\/infovera.com.ar\/web\/wp-json\/wp\/v2\/media?parent=29874"}],"wp:term":[{"taxonomy":"category","embeddable":true,"href":"https:\/\/infovera.com.ar\/web\/wp-json\/wp\/v2\/categories?post=29874"},{"taxonomy":"post_tag","embeddable":true,"href":"https:\/\/infovera.com.ar\/web\/wp-json\/wp\/v2\/tags?post=29874"}],"curies":[{"name":"wp","href":"https:\/\/api.w.org\/{rel}","templated":true}]}}