{"id":29844,"date":"2021-12-01T10:30:19","date_gmt":"2021-12-01T13:30:19","guid":{"rendered":"https:\/\/infovera.com.ar\/web\/?p=29844"},"modified":"2021-12-02T10:24:15","modified_gmt":"2021-12-02T13:24:15","slug":"la-epe-invierte-mas-de-1-000-millones-en-la-nueva-estacion-transformadora-de-vera","status":"publish","type":"post","link":"https:\/\/infovera.com.ar\/web\/2021\/12\/01\/la-epe-invierte-mas-de-1-000-millones-en-la-nueva-estacion-transformadora-de-vera\/","title":{"rendered":"La EPE invierte m\u00e1s de $ 1.000 millones en la nueva estaci\u00f3n transformadora de Vera"},"content":{"rendered":"<p><strong>\u201cHace m\u00e1s de 7 a\u00f1os que la regi\u00f3n demandaba esta obra estrat\u00e9gica, que ahora empezamos a concretar\u201d, dijo el presidente de la EPE, Mauricio Caussi.<\/strong><\/p>\n<p>La Empresa Provincial de la Energ\u00eda (EPE) abrir\u00e1 el pr\u00f3ximo 29 de diciembre los sobres con las ofertas t\u00e9cnicas y econ\u00f3micas para la construcci\u00f3n de la nueva estaci\u00f3n transformadora en la ciudad de Vera, su alimentaci\u00f3n en alta tensi\u00f3n y v\u00ednculos en media tensi\u00f3n.<br \/>\nLa obra que significar\u00e1 una mejora notable en la calidad del abastecimiento de energ\u00eda para la cabecera del departamento y la regi\u00f3n, beneficiar\u00e1 a los usuarios de zonas urbanas y rurales, adem\u00e1s de aliviar la demanda sobre otras instalaciones cercanas.<\/p>\n<p>El presidente de la EPE, Mauricio Caussi, manifest\u00f3 que \u201ceste es un compromiso asumido por el gobierno de Omar Perotti, de dotar de la infraestructura que necesita el norte de la provincia para desarrollar sus potencialidades. Esta obra es un claro ejemplo de disminuir las asimetr\u00edas entre las distintas regiones de la provincia. Hace m\u00e1s de 7 a\u00f1os que la regi\u00f3n demandaba esta obra estrat\u00e9gica, que ahora empezamos a concretar\u201d.<\/p>\n<p>Caussi remarc\u00f3 que \u201ces un esfuerzo muy importante que realiza la empresa para la concreci\u00f3n de este proyecto, son m\u00e1s de $ 1.000 millones de inversi\u00f3n para una obra el\u00e9ctrica emblem\u00e1tica\u201d.<\/p>\n<p>En ese sentido dijo que \u201ccuando hablamos de igualdad de oportunidades nos referimos a llegar a cada rinc\u00f3n de la provincia con este tipo de obras el\u00e9ctricas que verdaderamente necesita la gente y, as\u00ed, contrarrestar los desequilibrios territoriales. Estas obras no s\u00f3lo beneficiar\u00e1n a muchos vecinos, sino que adem\u00e1s fortalecer\u00e1n la Santa Fe que queremos, con esquemas de desarrollo productivo y generaci\u00f3n de empleo en tiempos muy dif\u00edciles\u201d.<\/p>\n<p><strong>NUEVO PUNTO DE INYECCI\u00d3N<\/strong><\/p>\n<p>Con esta obra se consigue un nuevo punto de inyecci\u00f3n de potencia en la red de media tensi\u00f3n de la localidad de Vera, \u00e1rea industrial y zona de influencia, aumentando la calidad del servicio y, adem\u00e1s, se libera potencia de las estaciones Reconquista y Calchaqu\u00ed. Las localidades que se beneficiar\u00e1n, adem\u00e1s de Vera, son: Malabrigo, Margarita, La Gallareta, Las Gamas, Berna y sus zonas rurales.<\/p>\n<p>La l\u00ednea a\u00e9rea de alta tensi\u00f3n tendr\u00e1 una extensi\u00f3n de 2.310 metros y vincular\u00e1 el corredor Calchaqu\u00ed &#8211; Romang, con la nueva estaci\u00f3n transformadora, que tendr\u00e1 6 salidas para alimentar usuarios urbanos y rurales, en el sistema de 13,2 kV.<\/p>\n","protected":false},"excerpt":{"rendered":"<p>\u201cHace m\u00e1s de 7 a\u00f1os que la regi\u00f3n demandaba esta obra estrat\u00e9gica, que ahora empezamos a concretar\u201d, dijo el presidente de la EPE, Mauricio Caussi. La Empresa Provincial de la Energ\u00eda (EPE) abrir\u00e1 el pr\u00f3ximo 29 de diciembre los sobres con las ofertas t\u00e9cnicas y econ\u00f3micas para la construcci\u00f3n de la nueva estaci\u00f3n transformadora en [&hellip;]<\/p>\n","protected":false},"author":3,"featured_media":29846,"comment_status":"closed","ping_status":"closed","sticky":false,"template":"","format":"standard","meta":{"_joinchat":[],"footnotes":""},"categories":[53],"tags":[],"class_list":{"0":"post-29844","1":"post","2":"type-post","3":"status-publish","4":"format-standard","5":"has-post-thumbnail","7":"category-vera"},"_links":{"self":[{"href":"https:\/\/infovera.com.ar\/web\/wp-json\/wp\/v2\/posts\/29844","targetHints":{"allow":["GET"]}}],"collection":[{"href":"https:\/\/infovera.com.ar\/web\/wp-json\/wp\/v2\/posts"}],"about":[{"href":"https:\/\/infovera.com.ar\/web\/wp-json\/wp\/v2\/types\/post"}],"author":[{"embeddable":true,"href":"https:\/\/infovera.com.ar\/web\/wp-json\/wp\/v2\/users\/3"}],"replies":[{"embeddable":true,"href":"https:\/\/infovera.com.ar\/web\/wp-json\/wp\/v2\/comments?post=29844"}],"version-history":[{"count":0,"href":"https:\/\/infovera.com.ar\/web\/wp-json\/wp\/v2\/posts\/29844\/revisions"}],"wp:featuredmedia":[{"embeddable":true,"href":"https:\/\/infovera.com.ar\/web\/wp-json\/wp\/v2\/media\/29846"}],"wp:attachment":[{"href":"https:\/\/infovera.com.ar\/web\/wp-json\/wp\/v2\/media?parent=29844"}],"wp:term":[{"taxonomy":"category","embeddable":true,"href":"https:\/\/infovera.com.ar\/web\/wp-json\/wp\/v2\/categories?post=29844"},{"taxonomy":"post_tag","embeddable":true,"href":"https:\/\/infovera.com.ar\/web\/wp-json\/wp\/v2\/tags?post=29844"}],"curies":[{"name":"wp","href":"https:\/\/api.w.org\/{rel}","templated":true}]}}