{"id":29820,"date":"2021-11-29T12:18:36","date_gmt":"2021-11-29T15:18:36","guid":{"rendered":"https:\/\/infovera.com.ar\/web\/?p=29820"},"modified":"2021-11-29T12:18:36","modified_gmt":"2021-11-29T15:18:36","slug":"reconquista-recibio-a-gaspar-chansard-flamante-campeon-del-tc-pista-mouras","status":"publish","type":"post","link":"https:\/\/infovera.com.ar\/web\/2021\/11\/29\/reconquista-recibio-a-gaspar-chansard-flamante-campeon-del-tc-pista-mouras\/","title":{"rendered":"Reconquista recibi\u00f3 a Gaspar Chansard, flamante campe\u00f3n del TC Pista Mouras"},"content":{"rendered":"<p><strong>Con una caravana que recorri\u00f3 las calles de la ciudad.<\/strong><\/p>\n<p>En la ma\u00f1ana del lunes 29 de noviembre arrib\u00f3 desde San Juan el joven piloto reconquistense de tan solo 18 a\u00f1os, quien al finalizar la celebraci\u00f3n fue reconocido en Casa del Bicentenario por el Intendente Dr. Amadeo Enrique Vallejos y el Subsecretario de Deportes Prof. Ives Saucedo.<\/p>\n<p>\u201cSolo tengo palabras de agradecimiento por el recibimiento y el apoyo durante todo el a\u00f1o, gracias Intendente, Ives, sponsors, familia y amigos, mi primer a\u00f1o en esta categor\u00eda, cost\u00f3 adaptarme pero lo disfrut\u00e9 y sab\u00edamos que iba a llegar esta victoria, se dio pronto porque trabajamos para lograrlo y lo tenemos merecido\u201d, expres\u00f3 Gaspar, acompa\u00f1ado en la mesa de oradores por su padre, el tambi\u00e9n piloto Mat\u00edas Chansard (Monomarca Fiat) y por uno de sus auspiciantes, el empresario Hugo Bl\u00e1zquez.<\/p>\n<p>Al finalizar, el Intendente Municipal le obsequi\u00f3 el libro &#8220;La vida de Reconquista en sus Instituciones&#8221; y le entreg\u00f3 una plaqueta de reconocimiento por el t\u00edtulo logrado a manera de recordatorio.<\/p>\n","protected":false},"excerpt":{"rendered":"<p>Con una caravana que recorri\u00f3 las calles de la ciudad. En la ma\u00f1ana del lunes 29 de noviembre arrib\u00f3 desde San Juan el joven piloto reconquistense de tan solo 18 a\u00f1os, quien al finalizar la celebraci\u00f3n fue reconocido en Casa del Bicentenario por el Intendente Dr. Amadeo Enrique Vallejos y el Subsecretario de Deportes Prof. [&hellip;]<\/p>\n","protected":false},"author":3,"featured_media":29821,"comment_status":"closed","ping_status":"closed","sticky":false,"template":"","format":"standard","meta":{"_joinchat":[],"footnotes":""},"categories":[32,31],"tags":[],"class_list":{"0":"post-29820","1":"post","2":"type-post","3":"status-publish","4":"format-standard","5":"has-post-thumbnail","7":"category-automovilismo","8":"category-deportes"},"_links":{"self":[{"href":"https:\/\/infovera.com.ar\/web\/wp-json\/wp\/v2\/posts\/29820","targetHints":{"allow":["GET"]}}],"collection":[{"href":"https:\/\/infovera.com.ar\/web\/wp-json\/wp\/v2\/posts"}],"about":[{"href":"https:\/\/infovera.com.ar\/web\/wp-json\/wp\/v2\/types\/post"}],"author":[{"embeddable":true,"href":"https:\/\/infovera.com.ar\/web\/wp-json\/wp\/v2\/users\/3"}],"replies":[{"embeddable":true,"href":"https:\/\/infovera.com.ar\/web\/wp-json\/wp\/v2\/comments?post=29820"}],"version-history":[{"count":0,"href":"https:\/\/infovera.com.ar\/web\/wp-json\/wp\/v2\/posts\/29820\/revisions"}],"wp:featuredmedia":[{"embeddable":true,"href":"https:\/\/infovera.com.ar\/web\/wp-json\/wp\/v2\/media\/29821"}],"wp:attachment":[{"href":"https:\/\/infovera.com.ar\/web\/wp-json\/wp\/v2\/media?parent=29820"}],"wp:term":[{"taxonomy":"category","embeddable":true,"href":"https:\/\/infovera.com.ar\/web\/wp-json\/wp\/v2\/categories?post=29820"},{"taxonomy":"post_tag","embeddable":true,"href":"https:\/\/infovera.com.ar\/web\/wp-json\/wp\/v2\/tags?post=29820"}],"curies":[{"name":"wp","href":"https:\/\/api.w.org\/{rel}","templated":true}]}}