{"id":29757,"date":"2021-11-26T19:19:35","date_gmt":"2021-11-26T22:19:35","guid":{"rendered":"https:\/\/infovera.com.ar\/web\/?p=29757"},"modified":"2021-11-28T12:58:45","modified_gmt":"2021-11-28T15:58:45","slug":"rescataron-a-una-menor-que-vivia-en-la-misma-casa-que-la-beba-golpeada","status":"publish","type":"post","link":"https:\/\/infovera.com.ar\/web\/2021\/11\/26\/rescataron-a-una-menor-que-vivia-en-la-misma-casa-que-la-beba-golpeada\/","title":{"rendered":"Rescataron a una menor que viv\u00eda en la misma casa que la beba golpeada"},"content":{"rendered":"<p><strong>Fue puesta bajo guarda de su madre gen\u00e9tica.<\/strong><\/p>\n<p>&#8220;Pudimos lograr rescatar a tiempo a otra menor que viv\u00eda en la misma situaci\u00f3n de vulnerabilidad que la beba que lucha por su vida&#8221;, confirm\u00f3 el abogado Sixto Gonz\u00e1lez a <strong>InfoVera.<\/strong><\/p>\n<p>D\u00edas antes y a instancias de su progenitora (no la que ejerci\u00f3 violencia), el estudio al que pertenece inst\u00f3 una acci\u00f3n por ante el Juzgado de Familia para que &#8220;se le conceda el r\u00e9gimen de protecci\u00f3n y cuidado a su madre, respecto de una peque\u00f1a que pod\u00eda haber padecido lo que hoy sufre la bebe golpeada&#8221;, expres\u00f3.<\/p>\n<p>En ese sentido, agradeci\u00f3 &#8220;la celeridad y buen tino del Dr. Conrado Chapero&#8221; que &#8220;permiti\u00f3\u00a0 evitar que tengamos que lamentar una situaci\u00f3n an\u00e1loga en la familia que representamos.<br \/>\nEvidentemente la se\u00f1ora Lucila R. no est\u00e1 en sus cabales como\u00a0 para encaminar la crianza de un ni\u00f1o y eso es lo que advertimos r\u00e1pidamente. Hoy nuestra cliente tiene a su hija consigo, en un \u00e1mbito de armon\u00eda, paz y seguridad&#8221;.<\/p>\n<p>&nbsp;<\/p>\n","protected":false},"excerpt":{"rendered":"<p>Fue puesta bajo guarda de su madre gen\u00e9tica. &#8220;Pudimos lograr rescatar a tiempo a otra menor que viv\u00eda en la misma situaci\u00f3n de vulnerabilidad que la beba que lucha por su vida&#8221;, confirm\u00f3 el abogado Sixto Gonz\u00e1lez a InfoVera. D\u00edas antes y a instancias de su progenitora (no la que ejerci\u00f3 violencia), el estudio al [&hellip;]<\/p>\n","protected":false},"author":3,"featured_media":20949,"comment_status":"closed","ping_status":"closed","sticky":false,"template":"","format":"standard","meta":{"_joinchat":[],"footnotes":""},"categories":[30,53],"tags":[],"class_list":{"0":"post-29757","1":"post","2":"type-post","3":"status-publish","4":"format-standard","5":"has-post-thumbnail","7":"category-policiales","8":"category-vera"},"_links":{"self":[{"href":"https:\/\/infovera.com.ar\/web\/wp-json\/wp\/v2\/posts\/29757","targetHints":{"allow":["GET"]}}],"collection":[{"href":"https:\/\/infovera.com.ar\/web\/wp-json\/wp\/v2\/posts"}],"about":[{"href":"https:\/\/infovera.com.ar\/web\/wp-json\/wp\/v2\/types\/post"}],"author":[{"embeddable":true,"href":"https:\/\/infovera.com.ar\/web\/wp-json\/wp\/v2\/users\/3"}],"replies":[{"embeddable":true,"href":"https:\/\/infovera.com.ar\/web\/wp-json\/wp\/v2\/comments?post=29757"}],"version-history":[{"count":0,"href":"https:\/\/infovera.com.ar\/web\/wp-json\/wp\/v2\/posts\/29757\/revisions"}],"wp:featuredmedia":[{"embeddable":true,"href":"https:\/\/infovera.com.ar\/web\/wp-json\/wp\/v2\/media\/20949"}],"wp:attachment":[{"href":"https:\/\/infovera.com.ar\/web\/wp-json\/wp\/v2\/media?parent=29757"}],"wp:term":[{"taxonomy":"category","embeddable":true,"href":"https:\/\/infovera.com.ar\/web\/wp-json\/wp\/v2\/categories?post=29757"},{"taxonomy":"post_tag","embeddable":true,"href":"https:\/\/infovera.com.ar\/web\/wp-json\/wp\/v2\/tags?post=29757"}],"curies":[{"name":"wp","href":"https:\/\/api.w.org\/{rel}","templated":true}]}}