{"id":29744,"date":"2021-11-26T11:52:41","date_gmt":"2021-11-26T14:52:41","guid":{"rendered":"https:\/\/infovera.com.ar\/web\/?p=29744"},"modified":"2021-11-28T12:58:52","modified_gmt":"2021-11-28T15:58:52","slug":"media-sancion-para-el-pase-a-planta-de-profesionales-de-la-salud","status":"publish","type":"post","link":"https:\/\/infovera.com.ar\/web\/2021\/11\/26\/media-sancion-para-el-pase-a-planta-de-profesionales-de-la-salud\/","title":{"rendered":"Media sanci\u00f3n para el pase a planta de profesionales de la salud"},"content":{"rendered":"<p><strong>El Sindicato de M\u00e9dicos de la Rep\u00fablica Argentina (AMRA) Seccional Santa Fe inform\u00f3 &#8220;con satisfacci\u00f3n&#8221; que luego de arduas negociaciones y reuniones llevadas adelante por\u00a0 miembros de Comisi\u00f3n Directiva y, en especial, por la Secretaria General del Gremio, Dra. Sandra Maiorana,<\/strong> la C\u00e1mara de Senadores de la Provincia aprob\u00f3 por unanimidad el Proyecto de Ley ingresado por el senador del departamento La Capital, Marcos Castell\u00f3, que contempla el pase a planta de todos los profesionales y las profesionales de la salud que ingresaron al estado que antes del 2020.<\/p>\n<p>El expediente ya pas\u00f3 a la C\u00e1mara de Diputados a la espera que se apruebe la media sanci\u00f3n restante y de esa manera convertirlo en Ley de manera definitiva.<\/p>\n<p>AMRA, como representante de los profesionales de la salud, asegur\u00f3 que &#8220;no dejar\u00e1 de luchar ni de golpear ninguna puerta para que las demandas de nuestros compa\u00f1eros y compa\u00f1eras sean atendidas&#8221;.<\/p>\n","protected":false},"excerpt":{"rendered":"<p>El Sindicato de M\u00e9dicos de la Rep\u00fablica Argentina (AMRA) Seccional Santa Fe inform\u00f3 &#8220;con satisfacci\u00f3n&#8221; que luego de arduas negociaciones y reuniones llevadas adelante por\u00a0 miembros de Comisi\u00f3n Directiva y, en especial, por la Secretaria General del Gremio, Dra. Sandra Maiorana, la C\u00e1mara de Senadores de la Provincia aprob\u00f3 por unanimidad el Proyecto de Ley [&hellip;]<\/p>\n","protected":false},"author":3,"featured_media":29745,"comment_status":"closed","ping_status":"closed","sticky":false,"template":"","format":"standard","meta":{"_joinchat":[],"footnotes":""},"categories":[60],"tags":[],"class_list":{"0":"post-29744","1":"post","2":"type-post","3":"status-publish","4":"format-standard","5":"has-post-thumbnail","7":"category-provinciales"},"_links":{"self":[{"href":"https:\/\/infovera.com.ar\/web\/wp-json\/wp\/v2\/posts\/29744","targetHints":{"allow":["GET"]}}],"collection":[{"href":"https:\/\/infovera.com.ar\/web\/wp-json\/wp\/v2\/posts"}],"about":[{"href":"https:\/\/infovera.com.ar\/web\/wp-json\/wp\/v2\/types\/post"}],"author":[{"embeddable":true,"href":"https:\/\/infovera.com.ar\/web\/wp-json\/wp\/v2\/users\/3"}],"replies":[{"embeddable":true,"href":"https:\/\/infovera.com.ar\/web\/wp-json\/wp\/v2\/comments?post=29744"}],"version-history":[{"count":0,"href":"https:\/\/infovera.com.ar\/web\/wp-json\/wp\/v2\/posts\/29744\/revisions"}],"wp:featuredmedia":[{"embeddable":true,"href":"https:\/\/infovera.com.ar\/web\/wp-json\/wp\/v2\/media\/29745"}],"wp:attachment":[{"href":"https:\/\/infovera.com.ar\/web\/wp-json\/wp\/v2\/media?parent=29744"}],"wp:term":[{"taxonomy":"category","embeddable":true,"href":"https:\/\/infovera.com.ar\/web\/wp-json\/wp\/v2\/categories?post=29744"},{"taxonomy":"post_tag","embeddable":true,"href":"https:\/\/infovera.com.ar\/web\/wp-json\/wp\/v2\/tags?post=29744"}],"curies":[{"name":"wp","href":"https:\/\/api.w.org\/{rel}","templated":true}]}}