{"id":29738,"date":"2021-11-25T19:25:38","date_gmt":"2021-11-25T22:25:38","guid":{"rendered":"https:\/\/infovera.com.ar\/web\/?p=29738"},"modified":"2021-11-28T12:59:18","modified_gmt":"2021-11-28T15:59:18","slug":"le-tiro-con-una-olla-al-marido-pero-le-pego-a-la-beba-que-ahora-esta-grave-en-santa-fe","status":"publish","type":"post","link":"https:\/\/infovera.com.ar\/web\/2021\/11\/25\/le-tiro-con-una-olla-al-marido-pero-le-pego-a-la-beba-que-ahora-esta-grave-en-santa-fe\/","title":{"rendered":"Le tir\u00f3 con una olla al marido pero le peg\u00f3 a la beba, que ahora est\u00e1 grave en Santa Fe"},"content":{"rendered":"<p><strong>Una beba de 3 meses debi\u00f3 ser derivada a un nosocomio de la capital provincial donde se encuentra en estado reservado luego de que recibiera un golpe con un objeto contundente por parte de su madre.<\/strong><\/p>\n<p>El hecho tuvo lugar en la noche del lunes en Vera, en la casa que la mujer sindicada como autora de la agresi\u00f3n comparte con su pareja.<\/p>\n<p>De acuerdo a fuentes consultadas por <strong>InfoVera<\/strong>, L. R. estaba en plena discusi\u00f3n con su esposo cuando, presa de la ira, decidi\u00f3 arrojarle una olla o un molde de cocina. Lo hizo con tanta mala suerte que en lugar de asestarle el golpe al hombre de la casa, le termin\u00f3 dando en la cabeza a su beba.<\/p>\n<p>En principio, le provoc\u00f3 una contusi\u00f3n de gravedad y, se presume, fractura de cr\u00e1neo. Su estado reviste gravedad, aunque el \u00faltimo parte dado por los m\u00e9dicos que la atienden dio cuenta que no su vida no corre peligro.<\/p>\n<p>La denuncia fue realizaba por protocolo por los profesionales que atendieron a la inocente v\u00edctima en el Hospital de Vera y recay\u00f3 en la Comisar\u00eda de la Mujer. El caso qued\u00f3 a cargo del fiscal Gustavo Latorre, que estuvo de turno del fin de semana. Interviene adem\u00e1s la Subsecretar\u00eda de Ni\u00f1ez.<\/p>\n<p>El fiscal Latorre dijo esta tarde a <strong>InfoVera<\/strong> que este tipo de delitos son de instancia privada pero que en atenci\u00f3n a la magnitud de la lesi\u00f3n recibida actuar\u00e1 de oficio.<\/p>\n<p>Para el titular de la Unidad Fiscal Vera, el hecho de que la beba haya debido ser intervenida quir\u00fargicamente por la herida recibida ya presupone la figura de lesiones graves, aunque en estos casos se debe aguardar la evoluci\u00f3n y ver que no queden secuelas permanentes e incapacitantes; de producirse ese supuesto, se le aplicar\u00eda a la madre la calificaci\u00f3n penal de lesiones grav\u00edsimas.<\/p>\n<p>El Dr. Latorre confirm\u00f3 el pedido de un informe del estado de salud de la menor al Hospital de Ni\u00f1os de Santa Fe (que llegar\u00eda en las pr\u00f3ximas horas) donde permanece internada, para tener cabal dimensi\u00f3n del suceso policial que conmociona a Vera.<\/p>\n<p><img loading=\"lazy\" decoding=\"async\" class=\" wp-image-22351 aligncenter\" src=\"https:\/\/infovera.com.ar\/web\/wp-content\/uploads\/2021\/06\/ACOSTA-3-300x54.jpg\" alt=\"\" width=\"689\" height=\"124\" srcset=\"https:\/\/infovera.com.ar\/web\/wp-content\/uploads\/2021\/06\/ACOSTA-3-300x54.jpg 300w, https:\/\/infovera.com.ar\/web\/wp-content\/uploads\/2021\/06\/ACOSTA-3.jpg 670w\" sizes=\"auto, (max-width: 689px) 100vw, 689px\" \/><\/p>\n","protected":false},"excerpt":{"rendered":"<p>Una beba de 3 meses debi\u00f3 ser derivada a un nosocomio de la capital provincial donde se encuentra en estado reservado luego de que recibiera un golpe con un objeto contundente por parte de su madre. El hecho tuvo lugar en la noche del lunes en Vera, en la casa que la mujer sindicada como [&hellip;]<\/p>\n","protected":false},"author":3,"featured_media":29739,"comment_status":"closed","ping_status":"closed","sticky":false,"template":"","format":"standard","meta":{"_joinchat":[],"footnotes":""},"categories":[30,53],"tags":[],"class_list":{"0":"post-29738","1":"post","2":"type-post","3":"status-publish","4":"format-standard","5":"has-post-thumbnail","7":"category-policiales","8":"category-vera"},"_links":{"self":[{"href":"https:\/\/infovera.com.ar\/web\/wp-json\/wp\/v2\/posts\/29738","targetHints":{"allow":["GET"]}}],"collection":[{"href":"https:\/\/infovera.com.ar\/web\/wp-json\/wp\/v2\/posts"}],"about":[{"href":"https:\/\/infovera.com.ar\/web\/wp-json\/wp\/v2\/types\/post"}],"author":[{"embeddable":true,"href":"https:\/\/infovera.com.ar\/web\/wp-json\/wp\/v2\/users\/3"}],"replies":[{"embeddable":true,"href":"https:\/\/infovera.com.ar\/web\/wp-json\/wp\/v2\/comments?post=29738"}],"version-history":[{"count":0,"href":"https:\/\/infovera.com.ar\/web\/wp-json\/wp\/v2\/posts\/29738\/revisions"}],"wp:featuredmedia":[{"embeddable":true,"href":"https:\/\/infovera.com.ar\/web\/wp-json\/wp\/v2\/media\/29739"}],"wp:attachment":[{"href":"https:\/\/infovera.com.ar\/web\/wp-json\/wp\/v2\/media?parent=29738"}],"wp:term":[{"taxonomy":"category","embeddable":true,"href":"https:\/\/infovera.com.ar\/web\/wp-json\/wp\/v2\/categories?post=29738"},{"taxonomy":"post_tag","embeddable":true,"href":"https:\/\/infovera.com.ar\/web\/wp-json\/wp\/v2\/tags?post=29738"}],"curies":[{"name":"wp","href":"https:\/\/api.w.org\/{rel}","templated":true}]}}